{"id":486391,"date":"2017-07-01T17:55:26","date_gmt":"2017-07-01T22:55:26","guid":{"rendered":"https:\/\/www.futboltotal.com.mx\/?p=486391"},"modified":"2017-07-01T18:59:12","modified_gmt":"2017-07-01T23:59:12","slug":"causa-efecto-cristiano-ronaldo","status":"publish","type":"post","link":"http:\/\/desarrollo.grupomedios.com\/futbol\/videos\/causa-efecto-cristiano-ronaldo\/2017\/07","title":{"rendered":"Causa y efecto de\u2026 Cristiano Ronaldo"},"content":{"rendered":"<p>El delantero del Real Madrid y de la selecci\u00f3n de Portugal, <strong>Cristiano Ronaldo<\/strong>, ya puso fin a su participaci\u00f3n en la Copa Confederaciones debido a motivos personales; no obstante, su combinado a\u00fan tiene un compromiso pendiente y espera cumplir sin la presencia de la m\u00e1xima estrella que poseen, un jugador que como muchos, tuvo que pasar obst\u00e1culos.<\/p>\n<p style=\"text-align: center;\"><span style=\"color: #3366ff;\"><a style=\"color: #3366ff;\" href=\"https:\/\/www.futboltotal.com.mx\/2017\/07\/atletico-madrid-estrena-nuevo-escudo\/\" target=\"_blank\" rel=\"noopener noreferrer\"><strong>VER M\u00c1S: Atl\u00e9tico de Madrid cambia su escudo<\/strong><\/a><\/span><\/p>\n<p>[video_player] https:\/\/player.vimeo.com\/external\/223688011.hd.mp4?s=6f499f19a1f526a8f3a01f00e6038c5fed655bca&amp;profile_id=174 [\/video_player]<\/p>\n<p style=\"text-align: center;\"><span style=\"color: #3366ff;\"><a style=\"color: #3366ff;\" href=\"https:\/\/www.futboltotal.com.mx\/2017\/07\/increible-look-nahuel-guzman-en-boda-lionel-messi\/\" target=\"_blank\" rel=\"noopener noreferrer\"><strong>VER M\u00c1S: El inusual atuendo de Nahuel Guzm\u00e1n en boda de Messi<\/strong><\/a><\/span><\/p>\n<p>Cristiano naci\u00f3 en la isla portuguesa de Madeira, donde vivi\u00f3 hasta los 15 a\u00f1os. Desde la edad de 10, llam\u00f3 la atenci\u00f3n de equipos locales y nacionales. El gran salto fue con Sporting, en 2001. Pero antes de cumplir 16, el Sporting le detect\u00f3 un problema en el coraz\u00f3n, que pudo haber truncado su carrera.<\/p>\n<p>El club no pod\u00eda operar a Ronaldo sin el consentimiento de su madre, quien, a pesar de los riesgos, accedi\u00f3. Tras la exitosa operaci\u00f3n con l\u00e1ser, Cristiano cambi\u00f3 su vida para comenzar con los r\u00e9cords. A los 18 conoci\u00f3 a Sir Alex Ferguson, quien se sorprendi\u00f3 con su habilidad y decidi\u00f3 llevarlo a Manchester.<\/p>\n<p>En ese mismo a\u00f1o, <em>CR7<\/em> debut\u00f3 con la selecci\u00f3n, donde lleg\u00f3 a compartir vestidor con Figo, su \u00eddolo. En el 2005, sufri\u00f3 del fallecimiento de su padre, en plena concentraci\u00f3n con Portugal, pero no se permiti\u00f3 caer&#8230; El resto es historia: t\u00edtulos en Inglaterra, en Espa\u00f1a, en Champions, con su selecci\u00f3n, y Balones de Oro. Es m\u00e1ximo goleador hist\u00f3rico del Real Madrid y de Portugal; por ello es uno de los mejores jugadores de la historia.<\/p>\n<p style=\"text-align: center;\"><span style=\"color: #3366ff;\"><a style=\"color: #3366ff;\" href=\"https:\/\/www.futboltotal.com.mx\/2017\/07\/fantastica-anotacion-paulo-dybala\/\" target=\"_blank\" rel=\"noopener noreferrer\"><strong>VER M\u00c1S: Paulo Dybala marca ante la barrera m\u00e1s grande del mundo<\/strong><\/a><\/span><\/p>\n","protected":false},"excerpt":{"rendered":"<p>El delantero del Real Madrid y de la selecci\u00f3n de Portugal, Cristiano Ronaldo, ya puso fin a su participaci\u00f3n en la Copa Confederaciones debido a motivos personales; no obstante, su combinado a\u00fan tiene un compromiso pendiente y espera cumplir sin la presencia de la m\u00e1xima estrella que poseen, un jugador que como muchos, tuvo que [&hellip;]<\/p>\n","protected":false},"author":20,"featured_media":486393,"comment_status":"closed","ping_status":"closed","sticky":false,"template":"","format":"standard","meta":[],"categories":[3868,5,3839,4,6433],"tags":[8184,1580,6013],"_links":{"self":[{"href":"http:\/\/desarrollo.grupomedios.com\/futbol\/wp-json\/wp\/v2\/posts\/486391"}],"collection":[{"href":"http:\/\/desarrollo.grupomedios.com\/futbol\/wp-json\/wp\/v2\/posts"}],"about":[{"href":"http:\/\/desarrollo.grupomedios.com\/futbol\/wp-json\/wp\/v2\/types\/post"}],"author":[{"embeddable":true,"href":"http:\/\/desarrollo.grupomedios.com\/futbol\/wp-json\/wp\/v2\/users\/20"}],"replies":[{"embeddable":true,"href":"http:\/\/desarrollo.grupomedios.com\/futbol\/wp-json\/wp\/v2\/comments?post=486391"}],"version-history":[{"count":1,"href":"http:\/\/desarrollo.grupomedios.com\/futbol\/wp-json\/wp\/v2\/posts\/486391\/revisions"}],"predecessor-version":[{"id":486394,"href":"http:\/\/desarrollo.grupomedios.com\/futbol\/wp-json\/wp\/v2\/posts\/486391\/revisions\/486394"}],"wp:featuredmedia":[{"embeddable":true,"href":"http:\/\/desarrollo.grupomedios.com\/futbol\/wp-json\/wp\/v2\/media\/486393"}],"wp:attachment":[{"href":"http:\/\/desarrollo.grupomedios.com\/futbol\/wp-json\/wp\/v2\/media?parent=486391"}],"wp:term":[{"taxonomy":"category","embeddable":true,"href":"http:\/\/desarrollo.grupomedios.com\/futbol\/wp-json\/wp\/v2\/categories?post=486391"},{"taxonomy":"post_tag","embeddable":true,"href":"http:\/\/desarrollo.grupomedios.com\/futbol\/wp-json\/wp\/v2\/tags?post=486391"}],"curies":[{"name":"wp","href":"https:\/\/api.w.org\/{rel}","templated":true}]}}