{"id":486416,"date":"2017-07-01T21:36:07","date_gmt":"2017-07-02T02:36:07","guid":{"rendered":"https:\/\/www.futboltotal.com.mx\/?p=486416"},"modified":"2017-07-01T22:44:15","modified_gmt":"2017-07-02T03:44:15","slug":"resultado-amistoso-mexico-2-1-paraguay","status":"publish","type":"post","link":"http:\/\/desarrollo.grupomedios.com\/futbol\/destacado-home\/resultado-amistoso-mexico-2-1-paraguay\/2017\/07","title":{"rendered":"\u00a1M\u00e9xico vuelve a cumplir, pero pierde a Pulido!"},"content":{"rendered":"<p>En el En el CenturyLink Field de Seattle, Washington, la <span style=\"color: #ff0000;\"><a style=\"color: #ff0000;\" href=\"http:\/\/futboltotal.com.mx\/futbol-mexicano\/seleccion-mexicana\/\" target=\"_blank\" rel=\"noopener noreferrer\">Selecci\u00f3n Mexicana<\/a><\/span> se enfrent\u00f3 a su similar de Paraguay, en segundo encuentro de preparaci\u00f3n, rumbo a la Copa Oro 2017. La primera parte fue dominada en gran parte por el <em>Tricolor<\/em>, pero la <em>Albirroja<\/em> emparej\u00f3 el tr\u00e1mite en el complemento.<\/p>\n<p><strong>M\u00e9xico<\/strong> tard\u00f3 unos minutos pero logr\u00f3 imponer su juego, en cuanto comenzaron a asociarse Jes\u00fas Due\u00f1as, Orbel\u00edn Pineda, Rodolfo Pizarro y El\u00edas Hern\u00e1ndez, quienes por las bandas y hasta dentro del \u00e1rea, causaron da\u00f1o a Paraguay.<\/p>\n<p style=\"text-align: center;\"><span style=\"color: #3366ff;\"><a style=\"color: #3366ff;\" href=\"https:\/\/www.futboltotal.com.mx\/2017\/07\/en-vivo-online-mexico-vs-paraguay-amistoso-2017\/\" target=\"_blank\" rel=\"noopener noreferrer\"><strong>VER M\u00c1S: AS\u00cd SE VIVI\u00d3 | M\u00e9xico 2-1 Paraguay<\/strong><\/a><\/span><\/p>\n<p>Uno de ellos, Rodolfo Pizarro, fue quien abri\u00f3 el marcador, al hacer una estupenda jugada individual dentro del \u00e1rea, tras una atajada que el cancerbero guaran\u00ed, hab\u00eda hecho a Orbel\u00edn, un instante anterior.<\/p>\n<blockquote class=\"twitter-video\" data-lang=\"es\">\n<p dir=\"ltr\" lang=\"es\"><a href=\"https:\/\/twitter.com\/hashtag\/Traves%C3%ADaARusia?src=hash\">#Traves\u00edaARusia<\/a>&#x1f1f2;&#x1f1fd;&#x1f1f5;&#x1f1fe;<a href=\"https:\/\/twitter.com\/miseleccionmx\">@miseleccionmx<\/a> 1-0 <a href=\"https:\/\/twitter.com\/Albirroja\">@Albirroja<\/a><br \/>\n\u00a1Gooool! \u00a1Pizarro marca el primero! <a href=\"https:\/\/twitter.com\/hashtag\/NissanKICKS?src=hash\">#NissanKICKS<\/a> de <a href=\"https:\/\/twitter.com\/nissanmx\">@NissanMX<\/a>. <a href=\"https:\/\/t.co\/juiQsCddYt\">https:\/\/t.co\/juiQsCddYt<\/a> <a href=\"https:\/\/t.co\/lBFMAeXmyk\">pic.twitter.com\/lBFMAeXmyk<\/a><\/p>\n<p>\u2014 Azteca Deportes (@AztecaDeportes) <a href=\"https:\/\/twitter.com\/AztecaDeportes\/status\/881315541020942337\">2 de julio de 2017<\/a><\/p><\/blockquote>\n<p><script async src=\"\/\/platform.twitter.com\/widgets.js\" charset=\"utf-8\"><\/script><\/p>\n<p>El segundo gol lleg\u00f3 luego de una gran jugada individual de El\u00edas Hern\u00e1ndez, quien realiz\u00f3 dos ruletas en el filo del \u00e1rea, y en la segunda recibi\u00f3 falta para conseguir penal a favor, que fue tramitado por \u00e9l mismo, para convertir en anotaci\u00f3n.<\/p>\n<blockquote class=\"twitter-video\" data-lang=\"es\">\n<p dir=\"ltr\" lang=\"es\"><a href=\"https:\/\/twitter.com\/hashtag\/Traves%C3%ADaARusia?src=hash\">#Traves\u00edaARusia<\/a>&#x1f1f2;&#x1f1fd;&#x1f1f5;&#x1f1fe;<a href=\"https:\/\/twitter.com\/miseleccionmx\">@miseleccionmx<\/a> 2-0 <a href=\"https:\/\/twitter.com\/Albirroja\">@Albirroja<\/a><br \/>\n\u00a1Gooool! \u00a1Hern\u00e1ndez marca de penal! <a href=\"https:\/\/twitter.com\/hashtag\/NissanKICKS?src=hash\">#NissanKICKS<\/a> de <a href=\"https:\/\/twitter.com\/nissanmx\">@NissanMX<\/a>. <a href=\"https:\/\/t.co\/juiQsCddYt\">https:\/\/t.co\/juiQsCddYt<\/a> <a href=\"https:\/\/t.co\/pk75zAQTJ8\">pic.twitter.com\/pk75zAQTJ8<\/a><\/p>\n<p>\u2014 Azteca Deportes (@AztecaDeportes) <a href=\"https:\/\/twitter.com\/AztecaDeportes\/status\/881317269413941248\">2 de julio de 2017<\/a><\/p><\/blockquote>\n<p><script async src=\"\/\/platform.twitter.com\/widgets.js\" charset=\"utf-8\"><\/script><\/p>\n<p>En el cierre de la primera parte, Antonio Barreiro, quien hab\u00eda sido el mejor futbolista paraguayo en el campo, logr\u00f3 descontar. Su festejo termin\u00f3 entre l\u00e1grimas pues marc\u00f3 su primer gol con el combinado <em>guaran\u00ed<\/em>; cabe destacar, que tambi\u00e9n debutaba con Paraguay<em>.<\/em><\/p>\n<blockquote class=\"twitter-video\" data-lang=\"es\">\n<p dir=\"ltr\" lang=\"es\"><a href=\"https:\/\/twitter.com\/hashtag\/Traves%C3%ADaARusia?src=hash\">#Traves\u00edaARusia<\/a>&#x1f1f2;&#x1f1fd;&#x1f1f5;&#x1f1fe;<a href=\"https:\/\/twitter.com\/miseleccionmx\">@miseleccionmx<\/a> 2-1 <a href=\"https:\/\/twitter.com\/Albirroja\">@Albirroja<\/a><br \/>\n\u00a1Goool! \u00a1Paraguay se acerca! <a href=\"https:\/\/twitter.com\/hashtag\/NissanKICKS?src=hash\">#NissanKICKS<\/a> de <a href=\"https:\/\/twitter.com\/nissanmx\">@NissanMX<\/a>. <a href=\"https:\/\/t.co\/juiQsCddYt\">https:\/\/t.co\/juiQsCddYt<\/a> <a href=\"https:\/\/t.co\/n7T1ly7Qrn\">pic.twitter.com\/n7T1ly7Qrn<\/a><\/p>\n<p>\u2014 Azteca Deportes (@AztecaDeportes) <a href=\"https:\/\/twitter.com\/AztecaDeportes\/status\/881322514063835136\">2 de julio de 2017<\/a><\/p><\/blockquote>\n<p><script async src=\"\/\/platform.twitter.com\/widgets.js\" charset=\"utf-8\"><\/script><\/p>\n<p>El complemento tuvo un tr\u00e1mite parejo, en el que casi se nulificaron las opciones de gol, por lo que el marcador no volvi\u00f3 a moverse. Sin embargo s\u00ed hubo una mala noticia para el <em>Tri<\/em>, pues Alan Pulido recibi\u00f3 una carga por atr\u00e1s de Cardozo, quien le cay\u00f3 encima y le provoc\u00f3 una lesi\u00f3n en el codo (fr\u00e1ctura de h\u00famero), por lo que causar\u00e1 baja para la Copa Oro.<\/p>\n<p style=\"text-align: center;\"><span style=\"color: #3366ff;\"><a style=\"color: #3366ff;\" href=\"https:\/\/www.futboltotal.com.mx\/2017\/07\/almeyda-ya-sabe-osorio-convoco-a-laterales\/\" target=\"_blank\" rel=\"noopener noreferrer\"><strong>VER M\u00c1S: Almeyda ya sabe por qu\u00e9 Osorio no convoc\u00f3 a laterales<\/strong><\/a><\/span><\/p>\n<blockquote class=\"twitter-tweet\" data-lang=\"es\">\n<p dir=\"ltr\" lang=\"es\">Y Chivas apa&#8217;?<\/p>\n<p>Pulido se va 3 meses por fractura.<\/p>\n<p>A negociar su sustituci\u00f3n. &#8216;Cubo&#8217; Torres la opci\u00f3n m\u00e1s viable.<\/p>\n<p>\u2014 &#x1f465;Rub\u00e9n Rodr\u00edguez (@ruubenrod) <a href=\"https:\/\/twitter.com\/ruubenrod\/status\/881353861394464769\">2 de julio de 2017<\/a><\/p><\/blockquote>\n<p><script async src=\"\/\/platform.twitter.com\/widgets.js\" charset=\"utf-8\"><\/script><\/p>\n<blockquote class=\"twitter-video\" data-lang=\"es\">\n<p dir=\"ltr\" lang=\"es\">Lamentable. Alan Pulido tuvo que irse en camioneta tras sufrir una fractura de h\u00famero por falta de ambulancias.<a href=\"https:\/\/t.co\/MnPd17MXSk\">pic.twitter.com\/MnPd17MXSk<\/a><\/p>\n<p>\u2014 Mario Riveretti (@RiverettiMX) <a href=\"https:\/\/twitter.com\/RiverettiMX\/status\/881351015844458496\">2 de julio de 2017<\/a><\/p><\/blockquote>\n<p><script async src=\"\/\/platform.twitter.com\/widgets.js\" charset=\"utf-8\"><\/script><\/p>\n<p><strong>Alineaciones iniciales:<\/strong><\/p>\n<p><strong>M\u00e9xico:<\/strong> Corona, Rodr\u00edguez, Pereira, Mar\u00edn, Gallardo, Due\u00f1as, Pineda, Molina, Hern\u00e1ndez, Pulido y Pizarro.<\/p>\n<p><strong>Paraguay:<\/strong> Silva, Cardozo, Candia, Escobar, Ben\u00edtez, Bareiro, Riveros, M. Riveros, Romero, Camacho y Salcedo.<\/p>\n","protected":false},"excerpt":{"rendered":"<p>Con goles de Pizarro y Hern\u00e1ndez, el Tri de Oro sigue con buena marcha previo al certamen regional.<\/p>\n","protected":false},"author":20,"featured_media":486421,"comment_status":"closed","ping_status":"closed","sticky":false,"template":"","format":"standard","meta":[],"categories":[5,2198,3847],"tags":[142],"_links":{"self":[{"href":"http:\/\/desarrollo.grupomedios.com\/futbol\/wp-json\/wp\/v2\/posts\/486416"}],"collection":[{"href":"http:\/\/desarrollo.grupomedios.com\/futbol\/wp-json\/wp\/v2\/posts"}],"about":[{"href":"http:\/\/desarrollo.grupomedios.com\/futbol\/wp-json\/wp\/v2\/types\/post"}],"author":[{"embeddable":true,"href":"http:\/\/desarrollo.grupomedios.com\/futbol\/wp-json\/wp\/v2\/users\/20"}],"replies":[{"embeddable":true,"href":"http:\/\/desarrollo.grupomedios.com\/futbol\/wp-json\/wp\/v2\/comments?post=486416"}],"version-history":[{"count":6,"href":"http:\/\/desarrollo.grupomedios.com\/futbol\/wp-json\/wp\/v2\/posts\/486416\/revisions"}],"predecessor-version":[{"id":486422,"href":"http:\/\/desarrollo.grupomedios.com\/futbol\/wp-json\/wp\/v2\/posts\/486416\/revisions\/486422"}],"wp:featuredmedia":[{"embeddable":true,"href":"http:\/\/desarrollo.grupomedios.com\/futbol\/wp-json\/wp\/v2\/media\/486421"}],"wp:attachment":[{"href":"http:\/\/desarrollo.grupomedios.com\/futbol\/wp-json\/wp\/v2\/media?parent=486416"}],"wp:term":[{"taxonomy":"category","embeddable":true,"href":"http:\/\/desarrollo.grupomedios.com\/futbol\/wp-json\/wp\/v2\/categories?post=486416"},{"taxonomy":"post_tag","embeddable":true,"href":"http:\/\/desarrollo.grupomedios.com\/futbol\/wp-json\/wp\/v2\/tags?post=486416"}],"curies":[{"name":"wp","href":"https:\/\/api.w.org\/{rel}","templated":true}]}}