{"id":486466,"date":"2017-07-02T09:35:29","date_gmt":"2017-07-02T14:35:29","guid":{"rendered":"https:\/\/www.futboltotal.com.mx\/?p=486466"},"modified":"2017-07-02T09:40:51","modified_gmt":"2017-07-02T14:40:51","slug":"resultados-portugal-2-1-mexico-tercer-lugar-copa-confederaciones","status":"publish","type":"post","link":"http:\/\/desarrollo.grupomedios.com\/futbol\/destacado-home\/resultados-portugal-2-1-mexico-tercer-lugar-copa-confederaciones\/2017\/07","title":{"rendered":"M\u00e9xico desaprovech\u00f3 y cedi\u00f3 el tercer lugar en Confederaciones"},"content":{"rendered":"<p>A pesar de ir ganando durante 90 minutos, <strong>M\u00e9xico<\/strong> termin\u00f3 por caer con <strong>Portuga<\/strong>l con marcador de 2-1 y termin\u00f3 en el cuarto lugar de la <strong>Copa Confederaciones<\/strong>.<\/p>\n<p>Como en el primer partido, donde se enfrentaron en la Fase de Grupos, el portero mexicano Guillermo Ochoa fue la figura del partido, pues le ataj\u00f3 un penal al delantero portugu\u00e9s Andr\u00e9 Silva luego de una falta cometida por Rafael M\u00e1rquez que fue revisada por el VAR.<\/p>\n<p>Despu\u00e9s el mismo Ochoa detuvo un par de disparos a Silva y a Nani, quien se perdi\u00f3 dos remates cerca del \u00e1rea chica.<\/p>\n<p style=\"text-align: center;\"><span style=\"color: #3366ff;\"><a style=\"color: #3366ff;\" href=\"https:\/\/www.futboltotal.com.mx\/2017\/07\/resultado-amistoso-mexico-2-1-paraguay\/\">VER M\u00c1S: \u00a1M\u00e9xico vuelve a cumplir, pero pierde a Pulido!<\/a><\/span><\/p>\n<p>Para el segundo tiempo, <strong>M\u00e9xico<\/strong> tuvo posesi\u00f3n de bal\u00f3n y tuvo su recompensa al 54&#8242; cuando Javier Hern\u00e1ndez meti\u00f3 un centro para Carlos Vela y fue desviado por Louis Neto para marcar el primero.<\/p>\n<blockquote class=\"twitter-tweet\" data-lang=\"es\">\n<p dir=\"ltr\" lang=\"es\"><a href=\"https:\/\/twitter.com\/hashtag\/VeranoVerde?src=hash\">#VeranoVerde<\/a> \u00a1Chicharito meti\u00f3 centro y Neto la empuj\u00f3 en su propia puerta! EN VIVO en TDcom <a href=\"https:\/\/t.co\/cAtVnV4lgY\">https:\/\/t.co\/cAtVnV4lgY<\/a> <a href=\"https:\/\/t.co\/p4GYHHfSZ7\">pic.twitter.com\/p4GYHHfSZ7<\/a><\/p>\n<p>\u2014 Televisa Deportes (@TD_Deportes) <a href=\"https:\/\/twitter.com\/TD_Deportes\/status\/881500793454477312\">2 de julio de 2017<\/a><\/p><\/blockquote>\n<p><script async src=\"\/\/platform.twitter.com\/widgets.js\" charset=\"utf-8\"><\/script><\/p>\n<p>El resto del juego fue dominado y manejado por el TRI hasta el minuto 90. Portugal se lanz\u00f3 al frente y consigui\u00f3 el empate al 91 luego de un remate que Ochoa no pudo alcanzar.<\/p>\n<blockquote class=\"twitter-tweet\" data-width=\"500\">\n<p lang=\"es\" dir=\"ltr\"><a href=\"https:\/\/twitter.com\/hashtag\/VeranoVerde?src=hash\">#VeranoVerde<\/a> \u00a1Pepe remat\u00f3 en el \u00e1rea y empat\u00f3 el partido! EN VIVO en TDcom <a href=\"https:\/\/t.co\/cAtVnV4lgY\">https:\/\/t.co\/cAtVnV4lgY<\/a> <a href=\"https:\/\/t.co\/Ketrq8JrqH\">pic.twitter.com\/Ketrq8JrqH<\/a><\/p>\n<p>&mdash; Televisa Deportes (@TD_Deportes) <a href=\"https:\/\/twitter.com\/TD_Deportes\/status\/881510198724001792\">July 2, 2017<\/a><\/p><\/blockquote>\n<p><script async src=\"\/\/platform.twitter.com\/widgets.js\" charset=\"utf-8\"><\/script><\/p>\n<p>El partido se fue a tiempos extra y a pesar de que M\u00e9xico tuvo oportunidades por medio de Hirving Lozano, Miguel Lay\u00fan cometi\u00f3 un error y termin\u00f3 cometiendo un penal con la mano.<\/p>\n<p>Quien cambi\u00f3 el penal por gol fue Adri\u00e9n Silva, que le dio la ventaja a Portugal y el triunfo definitivo.<\/p>\n","protected":false},"excerpt":{"rendered":"<p>El TRI estuvo cerca del triunfo pero le empataron al ultimo minuto.<\/p>\n","protected":false},"author":129,"featured_media":486467,"comment_status":"closed","ping_status":"closed","sticky":false,"template":"","format":"standard","meta":[],"categories":[5,3839,3847],"tags":[1580,65,715],"_links":{"self":[{"href":"http:\/\/desarrollo.grupomedios.com\/futbol\/wp-json\/wp\/v2\/posts\/486466"}],"collection":[{"href":"http:\/\/desarrollo.grupomedios.com\/futbol\/wp-json\/wp\/v2\/posts"}],"about":[{"href":"http:\/\/desarrollo.grupomedios.com\/futbol\/wp-json\/wp\/v2\/types\/post"}],"author":[{"embeddable":true,"href":"http:\/\/desarrollo.grupomedios.com\/futbol\/wp-json\/wp\/v2\/users\/129"}],"replies":[{"embeddable":true,"href":"http:\/\/desarrollo.grupomedios.com\/futbol\/wp-json\/wp\/v2\/comments?post=486466"}],"version-history":[{"count":3,"href":"http:\/\/desarrollo.grupomedios.com\/futbol\/wp-json\/wp\/v2\/posts\/486466\/revisions"}],"predecessor-version":[{"id":486470,"href":"http:\/\/desarrollo.grupomedios.com\/futbol\/wp-json\/wp\/v2\/posts\/486466\/revisions\/486470"}],"wp:featuredmedia":[{"embeddable":true,"href":"http:\/\/desarrollo.grupomedios.com\/futbol\/wp-json\/wp\/v2\/media\/486467"}],"wp:attachment":[{"href":"http:\/\/desarrollo.grupomedios.com\/futbol\/wp-json\/wp\/v2\/media?parent=486466"}],"wp:term":[{"taxonomy":"category","embeddable":true,"href":"http:\/\/desarrollo.grupomedios.com\/futbol\/wp-json\/wp\/v2\/categories?post=486466"},{"taxonomy":"post_tag","embeddable":true,"href":"http:\/\/desarrollo.grupomedios.com\/futbol\/wp-json\/wp\/v2\/tags?post=486466"}],"curies":[{"name":"wp","href":"https:\/\/api.w.org\/{rel}","templated":true}]}}