{"id":486473,"date":"2017-07-02T09:20:36","date_gmt":"2017-07-02T14:20:36","guid":{"rendered":"https:\/\/www.futboltotal.com.mx\/?p=486473"},"modified":"2017-07-02T14:50:12","modified_gmt":"2017-07-02T19:50:12","slug":"la-figura-del-mexico-ante-portugal","status":"publish","type":"post","link":"http:\/\/desarrollo.grupomedios.com\/futbol\/futbol-mexicano\/la-figura-del-mexico-ante-portugal\/2017\/07","title":{"rendered":"La Figura del M\u00e9xico ante Portugal"},"content":{"rendered":"<p>Al igual que en el primer partido de la <strong>Copa Confederaciones<\/strong>, donde <strong>M\u00e9xico<\/strong> enfrent\u00f3 a Portugal en la Fase de Grupos, <strong>Guillermo Ochoa<\/strong> volvi\u00f3 a ser el jugador m\u00e1s destacado del partido.<\/p>\n<p>Aunque en esta ocasi\u00f3n <span style=\"color: #3366ff;\"><a style=\"color: #3366ff;\" href=\"https:\/\/www.futboltotal.com.mx\/2017\/07\/resultados-portugal-2-1-mexico-tercer-lugar-copa-confederaciones\/\" target=\"_blank\" rel=\"noopener noreferrer\">el TRI cay\u00f3 en el partido por el tercer lugar<\/a><\/span>, Ochoa fue la figura del encuentro, pues salv\u00f3 al equipo en varias jugadas de peligro.<\/p>\n<p style=\"text-align: center;\"><span style=\"color: #3366ff;\"><a style=\"color: #3366ff;\" href=\"https:\/\/www.futboltotal.com.mx\/2017\/07\/resultados-portugal-2-1-mexico-tercer-lugar-copa-confederaciones\/\">VER M\u00c1S: M\u00e9xico desaprovech\u00f3 y cedi\u00f3 el tercer lugar en Confederaciones<\/a><\/span><\/p>\n<p style=\"text-align: center;\"><a href=\"https:\/\/www.futboltotal.com.mx\/wp-content\/uploads\/2017\/07\/figura-ochoa.jpg\"><img decoding=\"async\" loading=\"lazy\" class=\"alignnone size-full wp-image-486474\" src=\"https:\/\/www.futboltotal.com.mx\/wp-content\/uploads\/2017\/07\/figura-ochoa.jpg\" alt=\"La Figura del M\u00e9xico ante Portugal 0\" srcset=\"http:\/\/desarrollo.grupomedios.com\/futbol\/wp-content\/uploads\/2017\/07\/figura-ochoa.jpg 800w, http:\/\/desarrollo.grupomedios.com\/futbol\/wp-content\/uploads\/2017\/07\/figura-ochoa-150x150.jpg 150w, http:\/\/desarrollo.grupomedios.com\/futbol\/wp-content\/uploads\/2017\/07\/figura-ochoa-300x300.jpg 300w, http:\/\/desarrollo.grupomedios.com\/futbol\/wp-content\/uploads\/2017\/07\/figura-ochoa-768x768.jpg 768w\" sizes=\"(max-width: 800px) 100vw, 800px\" \/><\/a><\/p>\n<p>El portero mexicano volvi\u00f3 a ser fundamental para que el TRI no cayera durante los 90 minutos, pues en su duelo ante Andr\u00e9 Silva, volvi\u00f3 a evitar el gol del portugu\u00e9s ahora atajando un penal.<\/p>\n<blockquote class=\"twitter-tweet\" data-width=\"500\">\n<p lang=\"es\" dir=\"ltr\"><a href=\"https:\/\/twitter.com\/hashtag\/VeranoVerde?src=hash\">#VeranoVerde<\/a> \u00a1Ochoa se agranda y ataja el penal de Andr\u00e9 Silva! EN VIVO en TDcom <a href=\"https:\/\/t.co\/cAtVnV4lgY\">https:\/\/t.co\/cAtVnV4lgY<\/a> <a href=\"https:\/\/t.co\/Q8gRHLGl5j\">pic.twitter.com\/Q8gRHLGl5j<\/a><\/p>\n<p>&mdash; Televisa Deportes (@TD_Deportes) <a href=\"https:\/\/twitter.com\/TD_Deportes\/status\/881487234913808389\">July 2, 2017<\/a><\/p><\/blockquote>\n<p><script async src=\"\/\/platform.twitter.com\/widgets.js\" charset=\"utf-8\"><\/script><\/p>\n","protected":false},"excerpt":{"rendered":"<p>A pesar de sus atajadas, Ochoa no pudo evitar la derrota.<\/p>\n","protected":false},"author":20,"featured_media":486475,"comment_status":"closed","ping_status":"closed","sticky":false,"template":"","format":"standard","meta":[],"categories":[2198,3847],"tags":[5991,65,715],"_links":{"self":[{"href":"http:\/\/desarrollo.grupomedios.com\/futbol\/wp-json\/wp\/v2\/posts\/486473"}],"collection":[{"href":"http:\/\/desarrollo.grupomedios.com\/futbol\/wp-json\/wp\/v2\/posts"}],"about":[{"href":"http:\/\/desarrollo.grupomedios.com\/futbol\/wp-json\/wp\/v2\/types\/post"}],"author":[{"embeddable":true,"href":"http:\/\/desarrollo.grupomedios.com\/futbol\/wp-json\/wp\/v2\/users\/20"}],"replies":[{"embeddable":true,"href":"http:\/\/desarrollo.grupomedios.com\/futbol\/wp-json\/wp\/v2\/comments?post=486473"}],"version-history":[{"count":1,"href":"http:\/\/desarrollo.grupomedios.com\/futbol\/wp-json\/wp\/v2\/posts\/486473\/revisions"}],"predecessor-version":[{"id":486476,"href":"http:\/\/desarrollo.grupomedios.com\/futbol\/wp-json\/wp\/v2\/posts\/486473\/revisions\/486476"}],"wp:featuredmedia":[{"embeddable":true,"href":"http:\/\/desarrollo.grupomedios.com\/futbol\/wp-json\/wp\/v2\/media\/486475"}],"wp:attachment":[{"href":"http:\/\/desarrollo.grupomedios.com\/futbol\/wp-json\/wp\/v2\/media?parent=486473"}],"wp:term":[{"taxonomy":"category","embeddable":true,"href":"http:\/\/desarrollo.grupomedios.com\/futbol\/wp-json\/wp\/v2\/categories?post=486473"},{"taxonomy":"post_tag","embeddable":true,"href":"http:\/\/desarrollo.grupomedios.com\/futbol\/wp-json\/wp\/v2\/tags?post=486473"}],"curies":[{"name":"wp","href":"https:\/\/api.w.org\/{rel}","templated":true}]}}