{"id":486491,"date":"2017-07-02T09:20:57","date_gmt":"2017-07-02T14:20:57","guid":{"rendered":"https:\/\/www.futboltotal.com.mx\/?p=486491"},"modified":"2017-07-02T14:50:29","modified_gmt":"2017-07-02T19:50:29","slug":"ochoa-fue-elegido-mvp-del-partido-paso-tundio-a-la-fifa","status":"publish","type":"post","link":"http:\/\/desarrollo.grupomedios.com\/futbol\/destacado-home\/ochoa-fue-elegido-mvp-del-partido-paso-tundio-a-la-fifa\/2017\/07","title":{"rendered":"Ochoa fue elegido MVP del partido y de paso tundi\u00f3 a la FIFA"},"content":{"rendered":"<p>Luego de una gran actuaci\u00f3n en donde no pudo evitar la derrota de M\u00e9xico ante Portugal,<strong> Guillermo Ochoa<\/strong> fue elegido por FIFA como el Mejor Jugador del Partido.<\/p>\n<p>https:\/\/twitter.com\/fifacom_es\/status\/881521332642566144<\/p>\n<p>Aunque fue el m\u00e1s destacado en el campo, el portero mexicano asegur\u00f3 que la sensaci\u00f3n con la que termin\u00f3 no fue de gusto por ello, sino de molestia por el pol\u00e9mico \u201cvideoreferee\u201d y revancha como para querer regresar en el Mundial por lo que se les escap\u00f3 en este partido.<\/p>\n<p>\u201cEl tema del VAR\u2026 ah\u00ed tengo varios testigos, Infantino estaba ah\u00ed y no creo que se fue limpio. Es un tema muy pol\u00e9mico y va a seguir si\u00e9ndolo, algunas jugadas s\u00ed, otras no (las revisan). Tendr\u00e1n que buscar la forma de que sea lo m\u00e1s justo posible\u201d, expres\u00f3.<\/p>\n<p style=\"text-align: center;\"><span style=\"color: #3366ff;\"><a style=\"color: #3366ff;\" href=\"https:\/\/www.futboltotal.com.mx\/2017\/07\/la-figura-del-mexico-ante-portugal\/\">VER M\u00c1S: La Figura del M\u00e9xico ante Portugal<\/a><\/span><\/p>\n<p>\u201cAlgunas veces te juega en contra y nos toc\u00f3 ahora, en otras ocasiones nos quitaron algunos goles, ser\u00e1 un tema complicado pero por el bien del futbol esperemos que lo pulan porque es dif\u00edcil y este d\u00eda y esta sensaci\u00f3n que nos llevamos, el VAR no nos va a ayudar a quitarla\u201d.<\/p>\n<p><strong>Ochoa<\/strong> consider\u00f3 que hoy M\u00e9xico mereci\u00f3 bastante m\u00e1s por todo lo realizado no en el partido sino en el torneo, donde asegur\u00f3 mostraron buen futbol, lo cual fue reconocido por la afici\u00f3n rusa que los convirti\u00f3 en los consentidos del torneo, pues en cada partido, y sobre todo esta tarde, corearon el \u201c\u00a1M\u00e9xico, M\u00e9xico!\u201d con una enorme intensidad, a pesar de que casi no hab\u00edan aficionados originalmente aztecas.<\/p>\n<p>https:\/\/twitter.com\/fifacom_es\/status\/881536693173669892<\/p>\n<p>\u201cEl futbol tiene estas cosas de justas y no tan justas y si seguimos as\u00ed con esta l\u00ednea y honestidad, con este trabajo y compromiso, el futbol nos recompensar\u00e1 en el futuro\u201d, agreg\u00f3 Paco Memo.<\/p>\n<p>\u201cEstoy orgulloso de mi equipo, de la selecci\u00f3n que siempre dio la cara y t\u00fa viste c\u00f3mo nos trat\u00f3 la gente y el reconocimiento por lo que vieron de M\u00e9xico en Rusia. Nos vamos con ese sabor de boca de revancha de aqu\u00ed al mundial, con ganas de volver\u201d.<\/p>\n<p><em>*Con informaci\u00f3n del portal Mediotiempo.<\/em><\/p>\n","protected":false},"excerpt":{"rendered":"<p>Ochoa se dijo &#8220;insatisfecho con el VAR&#8221;.<\/p>\n","protected":false},"author":20,"featured_media":485121,"comment_status":"closed","ping_status":"closed","sticky":false,"template":"","format":"standard","meta":[],"categories":[5,2198,3847],"tags":[1580,5991,715],"_links":{"self":[{"href":"http:\/\/desarrollo.grupomedios.com\/futbol\/wp-json\/wp\/v2\/posts\/486491"}],"collection":[{"href":"http:\/\/desarrollo.grupomedios.com\/futbol\/wp-json\/wp\/v2\/posts"}],"about":[{"href":"http:\/\/desarrollo.grupomedios.com\/futbol\/wp-json\/wp\/v2\/types\/post"}],"author":[{"embeddable":true,"href":"http:\/\/desarrollo.grupomedios.com\/futbol\/wp-json\/wp\/v2\/users\/20"}],"replies":[{"embeddable":true,"href":"http:\/\/desarrollo.grupomedios.com\/futbol\/wp-json\/wp\/v2\/comments?post=486491"}],"version-history":[{"count":1,"href":"http:\/\/desarrollo.grupomedios.com\/futbol\/wp-json\/wp\/v2\/posts\/486491\/revisions"}],"predecessor-version":[{"id":486492,"href":"http:\/\/desarrollo.grupomedios.com\/futbol\/wp-json\/wp\/v2\/posts\/486491\/revisions\/486492"}],"wp:featuredmedia":[{"embeddable":true,"href":"http:\/\/desarrollo.grupomedios.com\/futbol\/wp-json\/wp\/v2\/media\/485121"}],"wp:attachment":[{"href":"http:\/\/desarrollo.grupomedios.com\/futbol\/wp-json\/wp\/v2\/media?parent=486491"}],"wp:term":[{"taxonomy":"category","embeddable":true,"href":"http:\/\/desarrollo.grupomedios.com\/futbol\/wp-json\/wp\/v2\/categories?post=486491"},{"taxonomy":"post_tag","embeddable":true,"href":"http:\/\/desarrollo.grupomedios.com\/futbol\/wp-json\/wp\/v2\/tags?post=486491"}],"curies":[{"name":"wp","href":"https:\/\/api.w.org\/{rel}","templated":true}]}}