{"id":486493,"date":"2017-07-02T09:29:23","date_gmt":"2017-07-02T14:29:23","guid":{"rendered":"https:\/\/www.futboltotal.com.mx\/?p=486493"},"modified":"2017-07-02T11:52:47","modified_gmt":"2017-07-02T16:52:47","slug":"chicharito-la-prioridad-del-west-ham-en-mercado-fichajes","status":"publish","type":"post","link":"http:\/\/desarrollo.grupomedios.com\/futbol\/destacado-home\/chicharito-la-prioridad-del-west-ham-en-mercado-fichajes\/2017\/07","title":{"rendered":"Chicharito, la prioridad del West Ham en el mercado de fichajes"},"content":{"rendered":"<p>El <strong>West Ham<\/strong> tiene planeado contratar a un delantero para la pr\u00f3xima temporada y el fichaje de <strong>Javier Chicharito Hern\u00e1ndez<\/strong> ser\u00e1 la prioridad del equipo ingl\u00e9s.<\/p>\n<p>Las buenas participaciones con el Bayer Leverkusen, donde en dos temporadas ha sido el goleador del equipo y el gran sabor de boca que dej\u00f3 en su participaci\u00f3n con M\u00e9xico en la Copa Confederaciones, <strong>Chicharito<\/strong> ser\u00eda la primera opci\u00f3n para los Hammers, que quieren de vuelta al mexicano en la Premier League.<\/p>\n<p style=\"text-align: center;\"><span style=\"color: #3366ff;\"><a style=\"color: #3366ff;\" href=\"https:\/\/www.futboltotal.com.mx\/2017\/07\/los-memes-la-caida-mexico-ante-portugal\/\">VER M\u00c1S: Los Memes de la ca\u00edda de M\u00e9xico ante Portugal<\/a><\/span><\/p>\n<p>Seg\u00fan informa <em>ESPN FC<\/em>, el objetivo del club londinense es el mexicano luego de no poderse hacer de los servicios de Olivier Giroud del Arsenal, Michy Batshuayi del Chelsea y Kelechi Iheanacho del Manchester City.<\/p>\n<p>La ventaja ser\u00eda que <strong>Hern\u00e1ndez<\/strong> est\u00e1 entrando a su a\u00f1o final de contrato con el Bayer Leverkusen y en el West Ham sienten que podr\u00edan convencer a las aspirinas de venderlo esta campa\u00f1a en lugar de arriesgarse a que se acabe el contrato.<\/p>\n<p>West Ham sufri\u00f3 de anotaciones la pasada temporada, metiendo 47 dianas en Premier League con Andy Caroll y Diafra Sakho sufriendo lesiones, por lo que<strong> Chicharito<\/strong> podr\u00eda ser parte de la soluci\u00f3n en el ataque.<\/p>\n<p style=\"text-align: center;\"><span style=\"color: #3366ff;\"><a style=\"color: #3366ff;\" href=\"https:\/\/www.futboltotal.com.mx\/2017\/07\/oribe-peralta-cubo-torres-serian-los-candidatos-a-suplir-a-pulido\/\">VER M\u00c1S: Oribe y \u2018Cubo\u2019 Torres ser\u00edan los candidatos a suplir a Pulido<\/a><\/span><\/p>\n","protected":false},"excerpt":{"rendered":"<p>Chicharito podr\u00eda regresar a la Premier League.<\/p>\n","protected":false},"author":20,"featured_media":481499,"comment_status":"closed","ping_status":"closed","sticky":false,"template":"","format":"standard","meta":[],"categories":[5,3839,3844],"tags":[4335,120],"_links":{"self":[{"href":"http:\/\/desarrollo.grupomedios.com\/futbol\/wp-json\/wp\/v2\/posts\/486493"}],"collection":[{"href":"http:\/\/desarrollo.grupomedios.com\/futbol\/wp-json\/wp\/v2\/posts"}],"about":[{"href":"http:\/\/desarrollo.grupomedios.com\/futbol\/wp-json\/wp\/v2\/types\/post"}],"author":[{"embeddable":true,"href":"http:\/\/desarrollo.grupomedios.com\/futbol\/wp-json\/wp\/v2\/users\/20"}],"replies":[{"embeddable":true,"href":"http:\/\/desarrollo.grupomedios.com\/futbol\/wp-json\/wp\/v2\/comments?post=486493"}],"version-history":[{"count":1,"href":"http:\/\/desarrollo.grupomedios.com\/futbol\/wp-json\/wp\/v2\/posts\/486493\/revisions"}],"predecessor-version":[{"id":486494,"href":"http:\/\/desarrollo.grupomedios.com\/futbol\/wp-json\/wp\/v2\/posts\/486493\/revisions\/486494"}],"wp:featuredmedia":[{"embeddable":true,"href":"http:\/\/desarrollo.grupomedios.com\/futbol\/wp-json\/wp\/v2\/media\/481499"}],"wp:attachment":[{"href":"http:\/\/desarrollo.grupomedios.com\/futbol\/wp-json\/wp\/v2\/media?parent=486493"}],"wp:term":[{"taxonomy":"category","embeddable":true,"href":"http:\/\/desarrollo.grupomedios.com\/futbol\/wp-json\/wp\/v2\/categories?post=486493"},{"taxonomy":"post_tag","embeddable":true,"href":"http:\/\/desarrollo.grupomedios.com\/futbol\/wp-json\/wp\/v2\/tags?post=486493"}],"curies":[{"name":"wp","href":"https:\/\/api.w.org\/{rel}","templated":true}]}}