{"id":486498,"date":"2017-07-02T12:25:04","date_gmt":"2017-07-02T17:25:04","guid":{"rendered":"https:\/\/www.futboltotal.com.mx\/?p=486498"},"modified":"2017-07-02T12:25:04","modified_gmt":"2017-07-02T17:25:04","slug":"juan-carlos-osorio-volvio-a-explotar-en-la-confederaciones","status":"publish","type":"post","link":"http:\/\/desarrollo.grupomedios.com\/futbol\/futbol-internacional\/juan-carlos-osorio-volvio-a-explotar-en-la-confederaciones\/2017\/07","title":{"rendered":"Juan Carlos Osorio volvi\u00f3 a explotar en la Confederaciones"},"content":{"rendered":"<p>Durante el <span style=\"color: #3366ff;\"><a style=\"color: #3366ff;\" href=\"https:\/\/www.futboltotal.com.mx\/2017\/07\/resultados-portugal-2-1-mexico-tercer-lugar-copa-confederaciones\/\" target=\"_blank\" rel=\"noopener noreferrer\">duelo por el tercer lugar entre Portugal y M\u00e9xico<\/a><\/span>, el t\u00e9cnico del TRI, <strong>Juan Carlos Osorio<\/strong>, sali\u00f3 expulsado por reclamar una revisi\u00f3n del VAR ante un posible penal de Pepe sobre H\u00e9ctor Moreno.<\/p>\n<p>El t\u00e9cnico colombiano se fue directamente contra el abanderado y le habl\u00f3 fuertemente al o\u00eddo pidi\u00e9ndoles que se revisara la jugada, por lo que el \u00e1rbitro central lo ech\u00f3 del campo de juego.<\/p>\n<p><span style=\"color: #3366ff;\"><a style=\"color: #3366ff;\" href=\"https:\/\/www.futboltotal.com.mx\/2017\/07\/ochoa-fue-elegido-mvp-del-partido-paso-tundio-a-la-fifa\/\">VER M\u00c1S: Ochoa fue elegido MVP del partido y de paso tundi\u00f3 a la FIFA<\/a><\/span><\/p>\n<blockquote class=\"twitter-tweet\" data-width=\"500\">\n<p lang=\"es\" dir=\"ltr\">Cap\u00edtulo 2 de Osorio insultando en ingl\u00e9s <a href=\"https:\/\/t.co\/xOs8T5NEMv\">pic.twitter.com\/xOs8T5NEMv<\/a><\/p>\n<p>&mdash; Juan Felipe Ortega (@juanfe057) <a href=\"https:\/\/twitter.com\/juanfe057\/status\/881520527642439680\">July 2, 2017<\/a><\/p><\/blockquote>\n<p><script async src=\"\/\/platform.twitter.com\/widgets.js\" charset=\"utf-8\"><\/script><\/p>\n<p>Esta no es la primera vez que sucede, pues dentro de la misma Copa Confederaciones, Osorio <span style=\"color: #3366ff;\"><a style=\"color: #3366ff;\" href=\"https:\/\/www.futboltotal.com.mx\/2017\/06\/osorio-le-dice-mother-fucker-al-dt-nueva-zelanda\/\" target=\"_blank\" rel=\"noopener noreferrer\">explot\u00f3 contra el entrenador de Nueva Zelanda<\/a><\/span> luego de una falta de Chris Wood sobre Carlos Salcedo, que termin\u00f3 con la lesi\u00f3n del defensa mexicano.<\/p>\n<p>Humberto Sierra, auxiliar de Juan Carlos Osorio en el Tri, asegur\u00f3 que los reclamos del cuerpo t\u00e9cnico al \u00e1rbitro Fahad Al Mirdasi solo fueron para que recurriera al Video Assistant Referee tras un remate de H\u00e9ctor Moreno que fue precedido por una presunta falta rival en el \u00e1rea.<\/p>\n<p>\u201cLo primero que ped\u00edamos al \u00e1rbitro era que por favor revisara la c\u00e1mara para que decidiera si hab\u00eda esta posibilidad del penalti\u201d, dijo Sierra ante la ausencia de Osorio, quien fue expulsado tras esos reclamos.<\/p>\n","protected":false},"excerpt":{"rendered":"<p>El t\u00e9cnico colombiano sali\u00f3 expulsado.<\/p>\n","protected":false},"author":20,"featured_media":486499,"comment_status":"closed","ping_status":"closed","sticky":false,"template":"","format":"standard","meta":[],"categories":[3839],"tags":[1580,6196],"_links":{"self":[{"href":"http:\/\/desarrollo.grupomedios.com\/futbol\/wp-json\/wp\/v2\/posts\/486498"}],"collection":[{"href":"http:\/\/desarrollo.grupomedios.com\/futbol\/wp-json\/wp\/v2\/posts"}],"about":[{"href":"http:\/\/desarrollo.grupomedios.com\/futbol\/wp-json\/wp\/v2\/types\/post"}],"author":[{"embeddable":true,"href":"http:\/\/desarrollo.grupomedios.com\/futbol\/wp-json\/wp\/v2\/users\/20"}],"replies":[{"embeddable":true,"href":"http:\/\/desarrollo.grupomedios.com\/futbol\/wp-json\/wp\/v2\/comments?post=486498"}],"version-history":[{"count":1,"href":"http:\/\/desarrollo.grupomedios.com\/futbol\/wp-json\/wp\/v2\/posts\/486498\/revisions"}],"predecessor-version":[{"id":486500,"href":"http:\/\/desarrollo.grupomedios.com\/futbol\/wp-json\/wp\/v2\/posts\/486498\/revisions\/486500"}],"wp:featuredmedia":[{"embeddable":true,"href":"http:\/\/desarrollo.grupomedios.com\/futbol\/wp-json\/wp\/v2\/media\/486499"}],"wp:attachment":[{"href":"http:\/\/desarrollo.grupomedios.com\/futbol\/wp-json\/wp\/v2\/media?parent=486498"}],"wp:term":[{"taxonomy":"category","embeddable":true,"href":"http:\/\/desarrollo.grupomedios.com\/futbol\/wp-json\/wp\/v2\/categories?post=486498"},{"taxonomy":"post_tag","embeddable":true,"href":"http:\/\/desarrollo.grupomedios.com\/futbol\/wp-json\/wp\/v2\/tags?post=486498"}],"curies":[{"name":"wp","href":"https:\/\/api.w.org\/{rel}","templated":true}]}}