{"id":486508,"date":"2017-07-02T14:59:54","date_gmt":"2017-07-02T19:59:54","guid":{"rendered":"https:\/\/www.futboltotal.com.mx\/?p=486508"},"modified":"2017-07-02T15:46:03","modified_gmt":"2017-07-02T20:46:03","slug":"alemania-campeon-copa-confederaciones","status":"publish","type":"post","link":"http:\/\/desarrollo.grupomedios.com\/futbol\/destacado-home\/alemania-campeon-copa-confederaciones\/2017\/07","title":{"rendered":"Alemania se corona campe\u00f3n de la Confederaciones con un futbol pobre"},"content":{"rendered":"<p>Este domingo se llev\u00f3 a cabo\u00a0la <strong>Gran Final<\/strong> de la <strong>Copa Confederaciones<\/strong>, entre\u00a0<strong style=\"font-weight: inherit;\">Alemania <\/strong>y<strong style=\"font-weight: inherit;\">\u00a0Chile<\/strong>, donde los teutones se impusieron 1-0\u00a0\u00a0a los andinos, en el<strong> Stadion Krestovskyi<\/strong> y se convirtieron en los monarcas de <strong>Rusia 2017.<\/strong><\/p>\n<p style=\"text-align: center;\"><a href=\"https:\/\/www.futboltotal.com.mx\/2017\/07\/joseph-blatter-admite-debio-haber-dejado-la-fifa\/\" target=\"_blank\" rel=\"noopener noreferrer\"><span style=\"color: #333399;\">VER M\u00c1S:\u00a0<\/span><span style=\"color: #333399;\">Joseph Blatter admite que debi\u00f3 haber dejado antes la FIFA<\/span><\/a><\/p>\n<p>En el primer tiempo, <strong>Chile<\/strong> fue dominador del encuentro con m\u00e1s aproximaciones al arco de <strong>Ter Stegen<\/strong>, sin embargo, un descuido en la zaga chilena provoc\u00f3 el 1-0 para <strong>Alemania<\/strong>, por conducto de<strong> Lars Stindl<\/strong>. Las acciones continuaron a favor de los andinos, pero los germanos tuvieron las jugadas de mayor peligro, desafortunadamente el el marcador no se movi\u00f3 al t\u00e9rmino de los primeros 45 minutos.<\/p>\n<p>&nbsp;<\/p>\n<p style=\"text-align: center;\"><a href=\"https:\/\/www.futboltotal.com.mx\/2017\/07\/ochoa-fue-elegido-mvp-del-partido-paso-tundio-a-la-fifa\/\" target=\"_blank\" rel=\"noopener noreferrer\"><span style=\"color: #333399;\">VER M\u00c1S:\u00a0<\/span><\/a><span style=\"color: #333399;\">Ochoa fue elegido MVP del partido y de paso tundi\u00f3 a la FIFA<\/span><\/p>\n<p>&nbsp;<\/p>\n<blockquote class=\"twitter-tweet\" data-lang=\"es\">\n<p dir=\"ltr\" lang=\"es\"><a href=\"https:\/\/twitter.com\/hashtag\/ApasionaTDeRusia?src=hash\">#ApasionaTDeRusia<\/a> \u00a1D\u00edaz se equivoca en la salida y Alemania ya abri\u00f3 el marcador! EN VIVO en TDcom <a href=\"https:\/\/t.co\/TFfzgc2h1z\">https:\/\/t.co\/TFfzgc2h1z<\/a> <a href=\"https:\/\/t.co\/8vLJOUpnRU\">pic.twitter.com\/8vLJOUpnRU<\/a><\/p>\n<p>\u2014 Televisa Deportes (@TD_Deportes) <a href=\"https:\/\/twitter.com\/TD_Deportes\/status\/881578869647482880\">2 de julio de 2017<\/a><\/p><\/blockquote>\n<p><script async src=\"\/\/platform.twitter.com\/widgets.js\" charset=\"utf-8\"><\/script><\/p>\n<p>En la segunda mitad, <strong>Chile<\/strong> sigui\u00f3 siendo due\u00f1o del esf\u00e9rico pero careci\u00f3 de punter\u00eda, mientras <strong>Alemania<\/strong> esper\u00f3 en su propia cancha la mayor parte del encuentro. El partido careci\u00f3 de oportunidades claras de peligro, salvo las que perdonaron<strong> Vidal, Sagal<\/strong> y <strong>Edu Vargas<\/strong>, quienes erraron sus disparos. La <em>Mannschaft\u00a0<\/em>se impuso 1-0 a <strong>Chile<\/strong> y es el nuevo <strong>Campe\u00f3n<\/strong> de la <strong>Copa Confederaciones Rusia 2017.<\/strong><\/p>\n","protected":false},"excerpt":{"rendered":"<p>Alemania se impuso 1-0 a Chile y es el nuevo Campe\u00f3n de la Copa Confederaciones Rusia 2017<\/p>\n","protected":false},"author":20,"featured_media":486525,"comment_status":"closed","ping_status":"closed","sticky":false,"template":"","format":"standard","meta":[],"categories":[3868,5,3839],"tags":[6000,406,1580,1822,8853],"_links":{"self":[{"href":"http:\/\/desarrollo.grupomedios.com\/futbol\/wp-json\/wp\/v2\/posts\/486508"}],"collection":[{"href":"http:\/\/desarrollo.grupomedios.com\/futbol\/wp-json\/wp\/v2\/posts"}],"about":[{"href":"http:\/\/desarrollo.grupomedios.com\/futbol\/wp-json\/wp\/v2\/types\/post"}],"author":[{"embeddable":true,"href":"http:\/\/desarrollo.grupomedios.com\/futbol\/wp-json\/wp\/v2\/users\/20"}],"replies":[{"embeddable":true,"href":"http:\/\/desarrollo.grupomedios.com\/futbol\/wp-json\/wp\/v2\/comments?post=486508"}],"version-history":[{"count":7,"href":"http:\/\/desarrollo.grupomedios.com\/futbol\/wp-json\/wp\/v2\/posts\/486508\/revisions"}],"predecessor-version":[{"id":486519,"href":"http:\/\/desarrollo.grupomedios.com\/futbol\/wp-json\/wp\/v2\/posts\/486508\/revisions\/486519"}],"wp:featuredmedia":[{"embeddable":true,"href":"http:\/\/desarrollo.grupomedios.com\/futbol\/wp-json\/wp\/v2\/media\/486525"}],"wp:attachment":[{"href":"http:\/\/desarrollo.grupomedios.com\/futbol\/wp-json\/wp\/v2\/media?parent=486508"}],"wp:term":[{"taxonomy":"category","embeddable":true,"href":"http:\/\/desarrollo.grupomedios.com\/futbol\/wp-json\/wp\/v2\/categories?post=486508"},{"taxonomy":"post_tag","embeddable":true,"href":"http:\/\/desarrollo.grupomedios.com\/futbol\/wp-json\/wp\/v2\/tags?post=486508"}],"curies":[{"name":"wp","href":"https:\/\/api.w.org\/{rel}","templated":true}]}}