{"id":486545,"date":"2017-07-02T16:27:10","date_gmt":"2017-07-02T21:27:10","guid":{"rendered":"https:\/\/www.futboltotal.com.mx\/?p=486545"},"modified":"2017-07-02T16:27:10","modified_gmt":"2017-07-02T21:27:10","slug":"jimenez-no-cierra-puertas-a-premier-league","status":"publish","type":"post","link":"http:\/\/desarrollo.grupomedios.com\/futbol\/futbol-internacional\/jimenez-no-cierra-puertas-a-premier-league\/2017\/07","title":{"rendered":"Ra\u00fal Jim\u00e9nez no le cierra las puertas a la Premier"},"content":{"rendered":"<p>El delantero del <a href=\"https:\/\/www.futboltotal.com.mx\/2017\/06\/david-banda-hijo-de-madonna-jugara-con-benfica\/\" target=\"_blank\" rel=\"noopener noreferrer\"><span style=\"color: #333399;\"><strong>Benfica<\/strong><\/span><\/a> y de la<span style=\"color: #333399;\"> <a style=\"color: #333399;\" href=\"https:\/\/www.futboltotal.com.mx\/2017\/07\/resultados-portugal-2-1-mexico-tercer-lugar-copa-confederaciones\/\" target=\"_blank\" rel=\"noopener noreferrer\"><strong>Selecci\u00f3n Mexicana<\/strong><\/a>, <a style=\"color: #333399;\" href=\"https:\/\/www.futboltotal.com.mx\/2017\/06\/benfica-celebra-20-anos-harry-potter-gol-raul-jimenez\/\" target=\"_blank\" rel=\"noopener noreferrer\"><strong>Ra\u00fal Jim\u00e9nez<\/strong><\/a><\/span>, desconoce cu\u00e1l ser\u00e1 su futuro, situaci\u00f3n por la que no cierra las puertas a ninguna liga. El exjugador del <a href=\"https:\/\/www.futboltotal.com.mx\/2017\/06\/miguel-herrera-entrena-junto-a-mascota-del-america\/\" target=\"_blank\" rel=\"noopener noreferrer\"><span style=\"color: #333399;\"><strong>Club Am\u00e9rica<\/strong><\/span><\/a> tiene contrato vigente con los lusitanos, sin embargo, muchos han sido los rumores sobre su salida del cuadro lisboeta.<\/p>\n<p>Uno de los posibles destinos del mexicano ser\u00eda la <strong>Premier League<\/strong>, ya que equipos como <strong>West Ham<\/strong> y <a href=\"https:\/\/www.futboltotal.com.mx\/2017\/06\/liverpool-klopp-le-roban-a-mohamed-salah-a-la-roma\/\" target=\"_blank\" rel=\"noopener noreferrer\"><span style=\"color: #333399;\"><strong>Liverpool<\/strong><\/span><\/a> estar\u00edan interesados en hacerse de los servicios del atacante, pero el jugador prefiere ser herm\u00e9tico y aguardar a saber cu\u00e1les son las intenciones de la directiva.<\/p>\n<p style=\"text-align: center;\"><span style=\"color: #333399;\"><a style=\"color: #333399;\" href=\"https:\/\/www.futboltotal.com.mx\/2017\/07\/alemania-campeon-copa-confederaciones\/\" target=\"_blank\" rel=\"noopener noreferrer\">VER M\u00c1S:\u00a0Alemania se corona campe\u00f3n de la Confederaciones con un futbol pobre<\/a><\/span><\/p>\n<p>\u201cEs una gran liga la Premier, pero hay que esperar, no me cierro las puertas a nada y veremos m\u00e1s adelante. Sigo con Benfica. Ahora vienen unas buenas vacaciones y luego regresaremos con todo\u201d, declar\u00f3<strong> Jim\u00e9nez.<\/strong><\/p>\n<p>El jugador azteca est\u00e1 consciente que hay clubes que lo siguen de cerca, pero asegur\u00f3 no saber nada en concreto.<\/p>\n<p>\u201cS\u00ed, le\u00ed, vi que hab\u00eda salido eso, pero no s\u00e9 nada, estaba concentrado en la Selecci\u00f3n y ahora tengo vacaciones y veremos regresando. Tengo fecha para regresar, para integrarme al equipo a la pretemporada, y estoy a gusto ah\u00ed\u201d, finaliz\u00f3.<\/p>\n<p style=\"text-align: center;\"><a href=\"https:\/\/www.futboltotal.com.mx\/2017\/07\/la-figura-la-final-la-copa-confederaciones-2017\/\" target=\"_blank\" rel=\"noopener noreferrer\"><span style=\"color: #333399;\">VER M\u00c1S:\u00a0La figura de la Final de la Copa Confederaciones 2017<\/span><\/a><\/p>\n","protected":false},"excerpt":{"rendered":"<p>Ra\u00fal Jim\u00e9nez desea quedar en el Benfica para la pr\u00f3xima campa\u00f1a<\/p>\n","protected":false},"author":20,"featured_media":486546,"comment_status":"closed","ping_status":"closed","sticky":false,"template":"","format":"standard","meta":[],"categories":[3839,6718],"tags":[6060,5989,334,742,1743],"_links":{"self":[{"href":"http:\/\/desarrollo.grupomedios.com\/futbol\/wp-json\/wp\/v2\/posts\/486545"}],"collection":[{"href":"http:\/\/desarrollo.grupomedios.com\/futbol\/wp-json\/wp\/v2\/posts"}],"about":[{"href":"http:\/\/desarrollo.grupomedios.com\/futbol\/wp-json\/wp\/v2\/types\/post"}],"author":[{"embeddable":true,"href":"http:\/\/desarrollo.grupomedios.com\/futbol\/wp-json\/wp\/v2\/users\/20"}],"replies":[{"embeddable":true,"href":"http:\/\/desarrollo.grupomedios.com\/futbol\/wp-json\/wp\/v2\/comments?post=486545"}],"version-history":[{"count":1,"href":"http:\/\/desarrollo.grupomedios.com\/futbol\/wp-json\/wp\/v2\/posts\/486545\/revisions"}],"predecessor-version":[{"id":486547,"href":"http:\/\/desarrollo.grupomedios.com\/futbol\/wp-json\/wp\/v2\/posts\/486545\/revisions\/486547"}],"wp:featuredmedia":[{"embeddable":true,"href":"http:\/\/desarrollo.grupomedios.com\/futbol\/wp-json\/wp\/v2\/media\/486546"}],"wp:attachment":[{"href":"http:\/\/desarrollo.grupomedios.com\/futbol\/wp-json\/wp\/v2\/media?parent=486545"}],"wp:term":[{"taxonomy":"category","embeddable":true,"href":"http:\/\/desarrollo.grupomedios.com\/futbol\/wp-json\/wp\/v2\/categories?post=486545"},{"taxonomy":"post_tag","embeddable":true,"href":"http:\/\/desarrollo.grupomedios.com\/futbol\/wp-json\/wp\/v2\/tags?post=486545"}],"curies":[{"name":"wp","href":"https:\/\/api.w.org\/{rel}","templated":true}]}}