{"id":486553,"date":"2017-07-02T17:29:34","date_gmt":"2017-07-02T22:29:34","guid":{"rendered":"https:\/\/www.futboltotal.com.mx\/?p=486553"},"modified":"2017-07-02T17:29:34","modified_gmt":"2017-07-02T22:29:34","slug":"marquez-molesto-por-derrota-y-critica-var","status":"publish","type":"post","link":"http:\/\/desarrollo.grupomedios.com\/futbol\/futbol-mexicano\/marquez-molesto-por-derrota-y-critica-var\/2017\/07","title":{"rendered":"Rafa M\u00e1rquez molesto por el resultado ante Portugal y cr\u00edtica al VAR"},"content":{"rendered":"<p>El eterno capit\u00e1n de la <strong><a href=\"https:\/\/www.futboltotal.com.mx\/2017\/07\/resultados-portugal-2-1-mexico-tercer-lugar-copa-confederaciones\/\" target=\"_blank\" rel=\"noopener noreferrer\"><span style=\"color: #333399;\">Selecci\u00f3n Mexicana<\/span><\/a>, <a href=\"https:\/\/www.futboltotal.com.mx\/2017\/07\/rafa-marquez-exige-a-directivos-apoyar-al-futbolista-mexicano\/\" target=\"_blank\" rel=\"noopener noreferrer\"><span style=\"color: #333399;\">Rafael M\u00e1rquez<\/span><\/a><\/strong>, dijo estar molesto tras caer 2-1 ante <a href=\"https:\/\/www.futboltotal.com.mx\/2017\/07\/la-figura-del-mexico-ante-portugal\/\" target=\"_blank\" rel=\"noopener noreferrer\"><span style=\"color: #333399;\"><strong>Portugal<\/strong><\/span><\/a> en el duelo por el tercer lugar de la <a href=\"https:\/\/www.futboltotal.com.mx\/2017\/07\/alemania-campeon-copa-confederaciones\/\" target=\"_blank\" rel=\"noopener noreferrer\"><span style=\"color: #333399;\"><strong>Copa Confederaciones.<\/strong><\/span><\/a><\/p>\n<p>\u201cTristes y enfadados, no hay otro sentimiento y as\u00ed es esto del futbol\u201d, m\u00e1s cuando repiten la acci\u00f3n del penal, una falta sobre Moreno que todo el mundo vio menos el \u00e1rbitro.<\/p>\n<p style=\"text-align: center;\"><a href=\"https:\/\/www.futboltotal.com.mx\/2017\/07\/neymar-temia-hablar-con-messi\/\" target=\"_blank\" rel=\"noopener noreferrer\"><span style=\"color: #333399;\">VER M\u00c1S:\u00a0Neymar ten\u00eda verg\u00fcenza de hablar con Messi<\/span><\/a><\/p>\n<p>As\u00ed mismo, asegur\u00f3 que el <em>Tricolor<\/em> deber\u00e1 aprender de los errores cometidos en la <strong>Confederaciones<\/strong> previo al inicio de la <strong>Copa del Mundo de Rusia 2018.<\/strong><\/p>\n<p>\u201cPero no termina esto aqu\u00ed, vamos muy bien en la eliminatoria, hay que tratar de descansar unos d\u00edas, cada quien regresa a sus equipos y el futbol da m\u00e1s revanchas. Ojala pronto tengamos la calificaci\u00f3n asegurada para intentar trabajar en los que ser\u00e1 el Mundial\u201d.<\/p>\n<p style=\"text-align: center;\"><a href=\"https:\/\/www.futboltotal.com.mx\/2017\/07\/cubo-torres-se-ilusiona-con-posible-llamado-al-tri\/\" target=\"_blank\" rel=\"noopener noreferrer\"><span style=\"color: #333399;\">VER M\u00c1S:\u00a0<\/span><span style=\"color: #333399;\">\u2018Cubo\u2019 Torres se ilusiona con posible llamado al Tri<\/span><\/a><\/p>\n<p>&nbsp;<\/p>\n","protected":false},"excerpt":{"rendered":"<p>M\u00e1rquez expres\u00f3 su malestar por derrota ante Portugal<\/p>\n","protected":false},"author":20,"featured_media":484662,"comment_status":"closed","ping_status":"closed","sticky":false,"template":"","format":"standard","meta":[],"categories":[3868,3839,2198,3847],"tags":[1580,65,715,6033],"_links":{"self":[{"href":"http:\/\/desarrollo.grupomedios.com\/futbol\/wp-json\/wp\/v2\/posts\/486553"}],"collection":[{"href":"http:\/\/desarrollo.grupomedios.com\/futbol\/wp-json\/wp\/v2\/posts"}],"about":[{"href":"http:\/\/desarrollo.grupomedios.com\/futbol\/wp-json\/wp\/v2\/types\/post"}],"author":[{"embeddable":true,"href":"http:\/\/desarrollo.grupomedios.com\/futbol\/wp-json\/wp\/v2\/users\/20"}],"replies":[{"embeddable":true,"href":"http:\/\/desarrollo.grupomedios.com\/futbol\/wp-json\/wp\/v2\/comments?post=486553"}],"version-history":[{"count":1,"href":"http:\/\/desarrollo.grupomedios.com\/futbol\/wp-json\/wp\/v2\/posts\/486553\/revisions"}],"predecessor-version":[{"id":486554,"href":"http:\/\/desarrollo.grupomedios.com\/futbol\/wp-json\/wp\/v2\/posts\/486553\/revisions\/486554"}],"wp:featuredmedia":[{"embeddable":true,"href":"http:\/\/desarrollo.grupomedios.com\/futbol\/wp-json\/wp\/v2\/media\/484662"}],"wp:attachment":[{"href":"http:\/\/desarrollo.grupomedios.com\/futbol\/wp-json\/wp\/v2\/media?parent=486553"}],"wp:term":[{"taxonomy":"category","embeddable":true,"href":"http:\/\/desarrollo.grupomedios.com\/futbol\/wp-json\/wp\/v2\/categories?post=486553"},{"taxonomy":"post_tag","embeddable":true,"href":"http:\/\/desarrollo.grupomedios.com\/futbol\/wp-json\/wp\/v2\/tags?post=486553"}],"curies":[{"name":"wp","href":"https:\/\/api.w.org\/{rel}","templated":true}]}}