{"id":486563,"date":"2017-07-02T19:29:29","date_gmt":"2017-07-03T00:29:29","guid":{"rendered":"https:\/\/www.futboltotal.com.mx\/?p=486563"},"modified":"2017-07-02T19:30:49","modified_gmt":"2017-07-03T00:30:49","slug":"sevilla-interesado-en-guido-pizarro","status":"publish","type":"post","link":"http:\/\/desarrollo.grupomedios.com\/futbol\/futbol-mexicano\/sevilla-interesado-en-guido-pizarro\/2017\/07","title":{"rendered":"Guido Pizarro en la mira de un grande de Espa\u00f1a"},"content":{"rendered":"<p>El mediocampista de los <strong><a href=\"https:\/\/www.futboltotal.com.mx\/2017\/07\/filtran-jersey-visitante-tigres-apertura-2017\/\" target=\"_blank\" rel=\"noopener noreferrer\"><span style=\"color: #333399;\">Tigres de la UANL<\/span><\/a>, <a href=\"https:\/\/www.futboltotal.com.mx\/2017\/06\/tigres-desmiente-que-guido-pizarro-interese-a-boca-juniors\/\" target=\"_blank\" rel=\"noopener noreferrer\"><span style=\"color: #333399;\">Guido Pizarro<\/span><\/a><\/strong>, est\u00e1 en la mira de <a href=\"https:\/\/www.futboltotal.com.mx\/2017\/06\/boca-busca-a-dorlan-pabon-de-monterrey\/\" target=\"_blank\" rel=\"noopener noreferrer\"><span style=\"color: #333399;\"><strong>Boca Juniors<\/strong><\/span><\/a> para la pr\u00f3xima temporada, sin embargo, el <a href=\"https:\/\/www.futboltotal.com.mx\/2017\/06\/ever-banega-sera-tigres-volvera-al-sevilla\/\" target=\"_blank\" rel=\"noopener noreferrer\"><span style=\"color: #333399;\"><strong>Sevilla<\/strong><\/span><\/a> de <strong>Espa\u00f1a<\/strong> ser\u00eda otro de los interesados en adquirir al jugador argentino.<\/p>\n<p>De acuerdo con Radio Rivadavia de Argentina y AS de Espa\u00f1a, el conjunto dirigido por <strong>Eduardo Berizzo<\/strong> buscar\u00eda sumar al jugador felino para reforzar su mediocampo.<\/p>\n<p style=\"text-align: center;\"><a href=\"https:\/\/www.futboltotal.com.mx\/2017\/07\/barcelona-va-tras-leonardo-bonucci-de-la-juventus\/\" target=\"_blank\" rel=\"noopener noreferrer\"><span style=\"color: #333399;\">VER M\u00c1S:\u00a0<\/span><span style=\"color: #333399;\">Barcelona quiere robarle a la Juventus a una de sus estrellas<\/span><\/a><\/p>\n<p>Tanto los <em>Xeneizes<\/em> como los <em>Blanquirrojos<\/em> estar\u00edan dispuestos a pagar la cl\u00e1usula de recisi\u00f3n de contrato del jugador a la escuadra regiomontana.<\/p>\n<p>En d\u00edas pasados se dio a conocer que la \u00faltima palabra no es del futbolista de <strong>Tigres<\/strong> sino de su esposa, a quien tendr\u00edan que convencer de abandonar <strong>Monterrey<\/strong>, pues se encuentra muy c\u00f3moda en la ciudad.<\/p>\n<p style=\"text-align: center;\"><a href=\"https:\/\/www.futboltotal.com.mx\/2017\/07\/milan-pagara-millonara-para-retener-a-donnarumma\/\" target=\"_blank\" rel=\"noopener noreferrer\"><span style=\"color: #333399;\">VER M\u00c1S:\u00a0<\/span><\/a><span style=\"color: #333399;\">Milan buscar\u00e1 retener a Donnarumma pagando una millonada<\/span><\/p>\n","protected":false},"excerpt":{"rendered":"<p>Guido Pizarro podr\u00eda emigrar a un grande de Espa\u00f1a<\/p>\n","protected":false},"author":20,"featured_media":486565,"comment_status":"closed","ping_status":"closed","sticky":false,"template":"","format":"standard","meta":[],"categories":[7740,3839,2198,3845],"tags":[1683,9216,3991,49,5973,444],"_links":{"self":[{"href":"http:\/\/desarrollo.grupomedios.com\/futbol\/wp-json\/wp\/v2\/posts\/486563"}],"collection":[{"href":"http:\/\/desarrollo.grupomedios.com\/futbol\/wp-json\/wp\/v2\/posts"}],"about":[{"href":"http:\/\/desarrollo.grupomedios.com\/futbol\/wp-json\/wp\/v2\/types\/post"}],"author":[{"embeddable":true,"href":"http:\/\/desarrollo.grupomedios.com\/futbol\/wp-json\/wp\/v2\/users\/20"}],"replies":[{"embeddable":true,"href":"http:\/\/desarrollo.grupomedios.com\/futbol\/wp-json\/wp\/v2\/comments?post=486563"}],"version-history":[{"count":3,"href":"http:\/\/desarrollo.grupomedios.com\/futbol\/wp-json\/wp\/v2\/posts\/486563\/revisions"}],"predecessor-version":[{"id":486568,"href":"http:\/\/desarrollo.grupomedios.com\/futbol\/wp-json\/wp\/v2\/posts\/486563\/revisions\/486568"}],"wp:featuredmedia":[{"embeddable":true,"href":"http:\/\/desarrollo.grupomedios.com\/futbol\/wp-json\/wp\/v2\/media\/486565"}],"wp:attachment":[{"href":"http:\/\/desarrollo.grupomedios.com\/futbol\/wp-json\/wp\/v2\/media?parent=486563"}],"wp:term":[{"taxonomy":"category","embeddable":true,"href":"http:\/\/desarrollo.grupomedios.com\/futbol\/wp-json\/wp\/v2\/categories?post=486563"},{"taxonomy":"post_tag","embeddable":true,"href":"http:\/\/desarrollo.grupomedios.com\/futbol\/wp-json\/wp\/v2\/tags?post=486563"}],"curies":[{"name":"wp","href":"https:\/\/api.w.org\/{rel}","templated":true}]}}