{"id":486576,"date":"2017-07-02T20:48:44","date_gmt":"2017-07-03T01:48:44","guid":{"rendered":"https:\/\/www.futboltotal.com.mx\/?p=486576"},"modified":"2017-07-02T20:58:12","modified_gmt":"2017-07-03T01:58:12","slug":"llega-edgar-mendez-ultimo-refuerzo-cruz-azul","status":"publish","type":"post","link":"http:\/\/desarrollo.grupomedios.com\/futbol\/destacado-home\/llega-edgar-mendez-ultimo-refuerzo-cruz-azul\/2017\/07","title":{"rendered":"Lleg\u00f3 \u00c9gdar M\u00e9ndez, \u00faltimo refuerzo de Cruz Azul"},"content":{"rendered":"<p>Lleg\u00f3 a la <strong>Ciudad de M\u00e9xico<\/strong> el \u00faltimo refuerzo de <a href=\"https:\/\/www.futboltotal.com.mx\/2017\/07\/nuevo-estadio-cruz-azul-estaria-en-iztapalapa\/\" target=\"_blank\" rel=\"noopener noreferrer\"><span style=\"color: #333399;\"><strong>Cruz Azul<\/strong><\/span><\/a> para el<strong><a href=\"https:\/\/www.futboltotal.com.mx\/2017\/07\/calendario-completo-la-copa-mx-apertura-2017\/\" target=\"_blank\" rel=\"noopener noreferrer\"><span style=\"color: #333399;\"> Apertura 2017<\/span><\/a>, <a href=\"https:\/\/www.futboltotal.com.mx\/2017\/07\/edgar-mendez-ultimo-refuerzo-cruz-azul\/\" target=\"_blank\" rel=\"noopener noreferrer\"><span style=\"color: #333399;\">\u00c9dgar M\u00e9ndez<\/span><\/a>,<\/strong> procedente del <strong>Deportivo Alav\u00e9s<\/strong> de <strong>Espa\u00f1a.<\/strong><\/p>\n<p style=\"text-align: center;\"><a href=\"https:\/\/www.futboltotal.com.mx\/2017\/07\/en-mexico-hay-otros-intereses-jesus-gomez\/\" target=\"_blank\" rel=\"noopener noreferrer\"><span style=\"color: #333399;\">VER M\u00c1S:\u00a0<\/span><span style=\"color: #333399;\">\u201cEn el futbol mexicano hay muchos intereses extrafubol\u00edsticos\u201d: Jes\u00fas G\u00f3mez<\/span><\/a><\/p>\n<p>A su llegada al <strong>Aeropuerto Internacional de la Ciudad de M\u00e9xico<\/strong> , el mediocampista espa\u00f1ol dijo que llega a <strong>Cruz Azul<\/strong> ilusionado luego de rechazar algunas ofertas del futbol ib\u00e9rico, gracias al t\u00e9cnico <a href=\"https:\/\/www.futboltotal.com.mx\/2017\/06\/paco-jemez-copiara-a-vergara-e-higuera-bien-cruz-azul\/\" target=\"_blank\" rel=\"noopener noreferrer\"><span style=\"color: #333399;\"><strong>Francisco J\u00e9mez.<\/strong><\/span><\/a><\/p>\n<p>\u201cLlego con mucha ilusi\u00f3n y muchas ganas de conocer a los compa\u00f1eros y de que empiece todo. Yo vengo a dar lo m\u00e1ximo de m\u00ed, vengo a aportar y ayudar, intentaremos hacer las cosas bien para que todo sea positivo\u201d.<\/p>\n<p>\u201cHe rechazado muchas cosas de Espa\u00f1a y fuera de Espa\u00f1a, me decant\u00e9 por venir con J\u00e9mez porque creo que podemos hacer algo bueno\u201d.<\/p>\n<p>\u201cQue J\u00e9mez me conozca y yo lo conozca es un aliciente muy bueno. He seguido a Cruz Azul a partir de que \u00e9l estaba aqu\u00ed. Siempre suelo seguir a equipos de entrenadores y compa\u00f1eros que tengo al lado. Estoy muy contento por venir y con muchas ganas\u201d, dijo el volante, quien este lunes realizar\u00e1 los ex\u00e1menes m\u00e9dicos con<em> La M\u00e1quina.<\/em><\/p>\n<p>&nbsp;<\/p>\n<blockquote class=\"twitter-video\" data-lang=\"es\">\n<p dir=\"ltr\" lang=\"es\">&#8220;Todos sabemos que es un gran club (Cruz Azul). He ganado experiencia en una buena liga y ahora vengo a demostrarlo aqu\u00ed&#8221;. Edgar M\u00e9ndez. <a href=\"https:\/\/t.co\/efgcopUcSP\">pic.twitter.com\/efgcopUcSP<\/a><\/p>\n<p>\u2014 Daniel Ocaranza (@Ocaranza) <a href=\"https:\/\/twitter.com\/Ocaranza\/status\/881655329880190976\">2 de julio de 2017<\/a><\/p><\/blockquote>\n<p><script async src=\"\/\/platform.twitter.com\/widgets.js\" charset=\"utf-8\"><\/script><\/p>\n<p style=\"text-align: center;\"><a href=\"https:\/\/www.futboltotal.com.mx\/2017\/07\/infantino-no-descarta-que-desaparezca-la-confederaciones\/\" target=\"_blank\" rel=\"noopener noreferrer\"><span style=\"color: #333399;\">VER M\u00c1S:\u00a0<\/span><span style=\"color: #333399;\">Rusia pudo haber albergado la \u00faltima Copa Confederaciones<\/span><\/a><\/p>\n","protected":false},"excerpt":{"rendered":"<p>Lleg\u00f3 el \u00faltimo refuerzo de Cruz Azul, \u00c9dgar M\u00e9ndez<\/p>\n","protected":false},"author":20,"featured_media":486217,"comment_status":"closed","ping_status":"closed","sticky":false,"template":"","format":"standard","meta":[],"categories":[5,2198,3845],"tags":[7652,5962,9064,253,7053],"_links":{"self":[{"href":"http:\/\/desarrollo.grupomedios.com\/futbol\/wp-json\/wp\/v2\/posts\/486576"}],"collection":[{"href":"http:\/\/desarrollo.grupomedios.com\/futbol\/wp-json\/wp\/v2\/posts"}],"about":[{"href":"http:\/\/desarrollo.grupomedios.com\/futbol\/wp-json\/wp\/v2\/types\/post"}],"author":[{"embeddable":true,"href":"http:\/\/desarrollo.grupomedios.com\/futbol\/wp-json\/wp\/v2\/users\/20"}],"replies":[{"embeddable":true,"href":"http:\/\/desarrollo.grupomedios.com\/futbol\/wp-json\/wp\/v2\/comments?post=486576"}],"version-history":[{"count":1,"href":"http:\/\/desarrollo.grupomedios.com\/futbol\/wp-json\/wp\/v2\/posts\/486576\/revisions"}],"predecessor-version":[{"id":486577,"href":"http:\/\/desarrollo.grupomedios.com\/futbol\/wp-json\/wp\/v2\/posts\/486576\/revisions\/486577"}],"wp:featuredmedia":[{"embeddable":true,"href":"http:\/\/desarrollo.grupomedios.com\/futbol\/wp-json\/wp\/v2\/media\/486217"}],"wp:attachment":[{"href":"http:\/\/desarrollo.grupomedios.com\/futbol\/wp-json\/wp\/v2\/media?parent=486576"}],"wp:term":[{"taxonomy":"category","embeddable":true,"href":"http:\/\/desarrollo.grupomedios.com\/futbol\/wp-json\/wp\/v2\/categories?post=486576"},{"taxonomy":"post_tag","embeddable":true,"href":"http:\/\/desarrollo.grupomedios.com\/futbol\/wp-json\/wp\/v2\/tags?post=486576"}],"curies":[{"name":"wp","href":"https:\/\/api.w.org\/{rel}","templated":true}]}}