{"id":486579,"date":"2017-07-03T09:55:42","date_gmt":"2017-07-03T14:55:42","guid":{"rendered":"https:\/\/www.futboltotal.com.mx\/?p=486579"},"modified":"2017-07-03T09:55:42","modified_gmt":"2017-07-03T14:55:42","slug":"manchester-united-presento-nuevo-uniforme-local-2017-2018","status":"publish","type":"post","link":"http:\/\/desarrollo.grupomedios.com\/futbol\/futbol-internacional\/manchester-united-presento-nuevo-uniforme-local-2017-2018\/2017\/07","title":{"rendered":"Manchester United present\u00f3 su uniforme de local para 2017-18"},"content":{"rendered":"<p><strong>adidas Football<\/strong> revel\u00f3 el uniforme de local del <strong>Manchester United<\/strong> para la temporada 2017\/18. Celebrando el tercer a\u00f1o del club con <strong>adidas<\/strong>, el nuevo uniforme de local ser\u00e1 la vestimenta de figuras de los <em>Red Devils<\/em> como\u00a0<strong>Paul Pogba<\/strong>, <strong>Juan Mata<\/strong> o <strong>Ander Herrera<\/strong>.<\/p>\n<p class=\"m_1488026450572788047MsoPlainText\"><span lang=\"ES\">El m\u00e1s reciente jersey de local presenta un dise\u00f1o minimalista y sofisticado que rinde tributo a algunos de los uniformes cl\u00e1sicos del pasado, al mismo tiempo que se mantiene a la vanguardia del dise\u00f1o de ropa deportiva con tejidos t\u00e9cnicos y transpirables y una construcci\u00f3n de malla.<\/span><\/p>\n<p class=\"m_1488026450572788047MsoPlainText\"><a href=\"https:\/\/www.futboltotal.com.mx\/wp-content\/uploads\/2017\/07\/Manchester-United-Local-3.jpg\"><img decoding=\"async\" loading=\"lazy\" class=\"aligncenter size-large wp-image-486585\" src=\"https:\/\/www.futboltotal.com.mx\/wp-content\/uploads\/2017\/07\/Manchester-United-Local-3-1024x576.jpg\" alt=\"Manchester United present\u00f3 su uniforme de local para 2017-18 0\" srcset=\"http:\/\/desarrollo.grupomedios.com\/futbol\/wp-content\/uploads\/2017\/07\/Manchester-United-Local-3-1024x576.jpg 1024w, http:\/\/desarrollo.grupomedios.com\/futbol\/wp-content\/uploads\/2017\/07\/Manchester-United-Local-3-300x169.jpg 300w, http:\/\/desarrollo.grupomedios.com\/futbol\/wp-content\/uploads\/2017\/07\/Manchester-United-Local-3-768x432.jpg 768w, http:\/\/desarrollo.grupomedios.com\/futbol\/wp-content\/uploads\/2017\/07\/Manchester-United-Local-3-317x178.jpg 317w, http:\/\/desarrollo.grupomedios.com\/futbol\/wp-content\/uploads\/2017\/07\/Manchester-United-Local-3-535x301.jpg 535w, http:\/\/desarrollo.grupomedios.com\/futbol\/wp-content\/uploads\/2017\/07\/Manchester-United-Local-3-374x210.jpg 374w, http:\/\/desarrollo.grupomedios.com\/futbol\/wp-content\/uploads\/2017\/07\/Manchester-United-Local-3.jpg 1136w\" sizes=\"(max-width: 1024px) 100vw, 1024px\" \/><\/a><\/p>\n<p class=\"m_1488026450572788047MsoPlainText\"><span lang=\"ES\">El uniforme presenta: un nuevo cuello de botones que ofrece un dise\u00f1o elegante y contempor\u00e1neo; las cl\u00e1sicas tres franjas de <strong>adidas<\/strong> en los hombros; y mangas rojas, blancas y negras para representar los colores de las banderas vistas en el <strong>United<\/strong> durante los d\u00edas de partido.<\/span><\/p>\n<p class=\"m_1488026450572788047MsoPlainText\" style=\"text-align: center;\"><a href=\"https:\/\/www.futboltotal.com.mx\/2017\/07\/miguel-herrera-confirma-goltz-dejara-al-america\/\" target=\"_blank\" rel=\"noopener noreferrer\"><span style=\"color: #333399;\">VER M\u00c1S: Miguel Herrera confirma que Paolo Goltz deja al Am\u00e9rica<\/span><\/a><\/p>\n<p class=\"m_1488026450572788047MsoPlainText\" style=\"text-align: left;\"><a href=\"https:\/\/www.futboltotal.com.mx\/wp-content\/uploads\/2017\/07\/Manchester-United-Local-2.jpg\"><img decoding=\"async\" loading=\"lazy\" class=\"aligncenter size-large wp-image-486582\" src=\"https:\/\/www.futboltotal.com.mx\/wp-content\/uploads\/2017\/07\/Manchester-United-Local-2-1024x576.jpg\" alt=\"Manchester United present\u00f3 su uniforme de local para 2017-18 1\" srcset=\"http:\/\/desarrollo.grupomedios.com\/futbol\/wp-content\/uploads\/2017\/07\/Manchester-United-Local-2-1024x576.jpg 1024w, http:\/\/desarrollo.grupomedios.com\/futbol\/wp-content\/uploads\/2017\/07\/Manchester-United-Local-2-300x169.jpg 300w, http:\/\/desarrollo.grupomedios.com\/futbol\/wp-content\/uploads\/2017\/07\/Manchester-United-Local-2-768x432.jpg 768w, http:\/\/desarrollo.grupomedios.com\/futbol\/wp-content\/uploads\/2017\/07\/Manchester-United-Local-2-317x178.jpg 317w, http:\/\/desarrollo.grupomedios.com\/futbol\/wp-content\/uploads\/2017\/07\/Manchester-United-Local-2-535x301.jpg 535w, http:\/\/desarrollo.grupomedios.com\/futbol\/wp-content\/uploads\/2017\/07\/Manchester-United-Local-2-374x210.jpg 374w, http:\/\/desarrollo.grupomedios.com\/futbol\/wp-content\/uploads\/2017\/07\/Manchester-United-Local-2.jpg 1136w\" sizes=\"(max-width: 1024px) 100vw, 1024px\" \/><\/a><\/p>\n<p class=\"m_1488026450572788047MsoPlainText\"><span lang=\"ES\">La playera de local est\u00e1 disponible a partir de hoy en tiendas adidas y tiendas oficiales del club, y ser\u00e1 vestida en la cancha por primera vez durante la gira pre-temporada del club, cuando el <strong>United<\/strong> se enfrente al <strong>LA Galaxy<\/strong> el 15 de julio de 2017.<\/span><\/p>\n<p class=\"m_1488026450572788047MsoPlainText\"><a href=\"https:\/\/www.futboltotal.com.mx\/wp-content\/uploads\/2017\/07\/Manchester-United-Local-4.jpg\"><img decoding=\"async\" loading=\"lazy\" class=\"aligncenter size-large wp-image-486583\" src=\"https:\/\/www.futboltotal.com.mx\/wp-content\/uploads\/2017\/07\/Manchester-United-Local-4-1024x576.jpg\" alt=\"Manchester United present\u00f3 su uniforme de local para 2017-18 2\" srcset=\"http:\/\/desarrollo.grupomedios.com\/futbol\/wp-content\/uploads\/2017\/07\/Manchester-United-Local-4-1024x576.jpg 1024w, http:\/\/desarrollo.grupomedios.com\/futbol\/wp-content\/uploads\/2017\/07\/Manchester-United-Local-4-300x169.jpg 300w, http:\/\/desarrollo.grupomedios.com\/futbol\/wp-content\/uploads\/2017\/07\/Manchester-United-Local-4-768x432.jpg 768w, http:\/\/desarrollo.grupomedios.com\/futbol\/wp-content\/uploads\/2017\/07\/Manchester-United-Local-4-317x178.jpg 317w, http:\/\/desarrollo.grupomedios.com\/futbol\/wp-content\/uploads\/2017\/07\/Manchester-United-Local-4-535x301.jpg 535w, http:\/\/desarrollo.grupomedios.com\/futbol\/wp-content\/uploads\/2017\/07\/Manchester-United-Local-4-374x210.jpg 374w, http:\/\/desarrollo.grupomedios.com\/futbol\/wp-content\/uploads\/2017\/07\/Manchester-United-Local-4.jpg 1136w\" sizes=\"(max-width: 1024px) 100vw, 1024px\" \/><\/a><\/p>\n<p class=\"m_1488026450572788047MsoPlainText\"><span lang=\"ES\">Tanto la playera r\u00e9plica como la playera aut\u00e9ntica que utilizan los jugadores estar\u00e1n disponibles a la venta. Adem\u00e1s,\u00a0existe una versi\u00f3n de manga-larga a la venta, as\u00ed como jerseys dise\u00f1ados espec\u00edficamente para mujeres y ni\u00f1os.<\/span><\/p>\n<p class=\"m_1488026450572788047MsoPlainText\" style=\"text-align: center;\"><a href=\"https:\/\/www.futboltotal.com.mx\/2017\/07\/sevilla-interesado-en-guido-pizarro\/\" target=\"_blank\" rel=\"noopener noreferrer\"><span style=\"color: #333399;\">VER M\u00c1S: Guido Pizarro est\u00e1 en la mira de un grande de Espa\u00f1a<\/span><\/a><\/p>\n<p class=\"m_1488026450572788047MsoPlainText\" style=\"text-align: left;\"><a href=\"https:\/\/www.futboltotal.com.mx\/wp-content\/uploads\/2017\/07\/Manchester-United-Local-5.jpg\"><img decoding=\"async\" loading=\"lazy\" class=\"aligncenter size-large wp-image-486584\" src=\"https:\/\/www.futboltotal.com.mx\/wp-content\/uploads\/2017\/07\/Manchester-United-Local-5-1024x576.jpg\" alt=\"Manchester United present\u00f3 su uniforme de local para 2017-18 3\" srcset=\"http:\/\/desarrollo.grupomedios.com\/futbol\/wp-content\/uploads\/2017\/07\/Manchester-United-Local-5-1024x576.jpg 1024w, http:\/\/desarrollo.grupomedios.com\/futbol\/wp-content\/uploads\/2017\/07\/Manchester-United-Local-5-300x169.jpg 300w, http:\/\/desarrollo.grupomedios.com\/futbol\/wp-content\/uploads\/2017\/07\/Manchester-United-Local-5-768x432.jpg 768w, http:\/\/desarrollo.grupomedios.com\/futbol\/wp-content\/uploads\/2017\/07\/Manchester-United-Local-5-317x178.jpg 317w, http:\/\/desarrollo.grupomedios.com\/futbol\/wp-content\/uploads\/2017\/07\/Manchester-United-Local-5-535x301.jpg 535w, http:\/\/desarrollo.grupomedios.com\/futbol\/wp-content\/uploads\/2017\/07\/Manchester-United-Local-5-374x210.jpg 374w, http:\/\/desarrollo.grupomedios.com\/futbol\/wp-content\/uploads\/2017\/07\/Manchester-United-Local-5.jpg 1136w\" sizes=\"(max-width: 1024px) 100vw, 1024px\" \/><\/a><\/p>\n","protected":false},"excerpt":{"rendered":"<p>El nuevo uniforme de los Red Devils rinde tributo a uniformes cl\u00e1sicos del pasado.<\/p>\n","protected":false},"author":20,"featured_media":486581,"comment_status":"closed","ping_status":"closed","sticky":false,"template":"","format":"standard","meta":[],"categories":[3839,3846],"tags":[1560,43,9218,334,982],"_links":{"self":[{"href":"http:\/\/desarrollo.grupomedios.com\/futbol\/wp-json\/wp\/v2\/posts\/486579"}],"collection":[{"href":"http:\/\/desarrollo.grupomedios.com\/futbol\/wp-json\/wp\/v2\/posts"}],"about":[{"href":"http:\/\/desarrollo.grupomedios.com\/futbol\/wp-json\/wp\/v2\/types\/post"}],"author":[{"embeddable":true,"href":"http:\/\/desarrollo.grupomedios.com\/futbol\/wp-json\/wp\/v2\/users\/20"}],"replies":[{"embeddable":true,"href":"http:\/\/desarrollo.grupomedios.com\/futbol\/wp-json\/wp\/v2\/comments?post=486579"}],"version-history":[{"count":1,"href":"http:\/\/desarrollo.grupomedios.com\/futbol\/wp-json\/wp\/v2\/posts\/486579\/revisions"}],"predecessor-version":[{"id":486589,"href":"http:\/\/desarrollo.grupomedios.com\/futbol\/wp-json\/wp\/v2\/posts\/486579\/revisions\/486589"}],"wp:featuredmedia":[{"embeddable":true,"href":"http:\/\/desarrollo.grupomedios.com\/futbol\/wp-json\/wp\/v2\/media\/486581"}],"wp:attachment":[{"href":"http:\/\/desarrollo.grupomedios.com\/futbol\/wp-json\/wp\/v2\/media?parent=486579"}],"wp:term":[{"taxonomy":"category","embeddable":true,"href":"http:\/\/desarrollo.grupomedios.com\/futbol\/wp-json\/wp\/v2\/categories?post=486579"},{"taxonomy":"post_tag","embeddable":true,"href":"http:\/\/desarrollo.grupomedios.com\/futbol\/wp-json\/wp\/v2\/tags?post=486579"}],"curies":[{"name":"wp","href":"https:\/\/api.w.org\/{rel}","templated":true}]}}