{"id":486586,"date":"2017-07-03T10:56:36","date_gmt":"2017-07-03T15:56:36","guid":{"rendered":"https:\/\/www.futboltotal.com.mx\/?p=486586"},"modified":"2017-07-03T10:56:36","modified_gmt":"2017-07-03T15:56:36","slug":"11-ideal-la-copa-confederaciones","status":"publish","type":"post","link":"http:\/\/desarrollo.grupomedios.com\/futbol\/destacado-home\/11-ideal-la-copa-confederaciones\/2017\/07","title":{"rendered":"El 11 ideal de la Copa Confederaciones"},"content":{"rendered":"<p>La <strong>Copa Confederaciones de Rusia 2017<\/strong> lleg\u00f3 a su fin luego de que Alemania venciera a Chile y se coronara por primera vez en el torneo.<\/p>\n<p>Ya con el certamen finalizado, es hora de analizar a los mejores jugadores que participaron dentro del certamen que se realiza en la antesala mundialista. Es por ello que en Futbol Total, te presentamos el<strong> 11 ideal de la Copa Confederaciones<\/strong>. \u00bfFalt\u00f3 alguno, crack?<\/p>\n<p style=\"text-align: center;\"><span style=\"color: #3366ff;\"><a style=\"color: #3366ff;\" href=\"https:\/\/www.futboltotal.com.mx\/2017\/07\/miguel-herrera-confirma-goltz-dejara-al-america\/\">VER M\u00c1S: Miguel Herrera confirma que Goltz dejar\u00e1 al Am\u00e9rica<\/a><\/span><\/p>\n<p><a href=\"https:\/\/www.futboltotal.com.mx\/wp-content\/uploads\/2017\/07\/11-ideal-wp-feo.jpg\"><img decoding=\"async\" loading=\"lazy\" class=\"alignnone size-full wp-image-486595\" src=\"https:\/\/www.futboltotal.com.mx\/wp-content\/uploads\/2017\/07\/11-ideal-wp-feo.jpg\" alt=\"El 11 ideal de la Copa Confederaciones 0\" srcset=\"http:\/\/desarrollo.grupomedios.com\/futbol\/wp-content\/uploads\/2017\/07\/11-ideal-wp-feo.jpg 858w, http:\/\/desarrollo.grupomedios.com\/futbol\/wp-content\/uploads\/2017\/07\/11-ideal-wp-feo-213x300.jpg 213w, http:\/\/desarrollo.grupomedios.com\/futbol\/wp-content\/uploads\/2017\/07\/11-ideal-wp-feo-768x1083.jpg 768w, http:\/\/desarrollo.grupomedios.com\/futbol\/wp-content\/uploads\/2017\/07\/11-ideal-wp-feo-726x1024.jpg 726w\" sizes=\"(max-width: 858px) 100vw, 858px\" \/><\/a><\/p>\n<p><span style=\"color: #ff0000;\">Marc-Andr\u00e9 ter Stegen |<\/span> A pesar de que no inici\u00f3 el torneo como titular, el portero del Barcelona demostr\u00f3 su calidad y fue dando seguridad en la parte baja de la defensa de Alemania, donde tuvo grandes intervenciones en la Semifinal y Final.<\/p>\n<p><span style=\"color: #ff0000;\">Joshua Kimmich |<\/span> El jugador del Bayern M\u00fanich demostr\u00f3 su calidad y que es el heredero natural de Philipp Lahm en la banda derecha del conjunto teut\u00f3n. Su calidad para defender y atacar por ese lado lo ponen como uno de los mejores en el torneo.<\/p>\n<p><span style=\"color: #ff0000;\">H\u00e9ctor Moreno |<\/span> Junto a Jonathan Dos Santos, Moreno fue de los m\u00e1s destacados en la Selecci\u00f3n Mexicana. Su experiencia se not\u00f3 en el torneo donde mostr\u00f3 una gran calidez defensiva. Incluso salv\u00f3 al TRI en su primer partido ante Portugal.<\/p>\n<p><span style=\"color: #ff0000;\">Gary Medell |<\/span> El chileno le hace honor a su apodo de &#8220;Pitbull&#8221; y literal es un perro dentro del campo, pues pelea y persigue cada bal\u00f3n como si fuera una Final cada partido.<\/p>\n<p><span style=\"color: #ff0000;\">Jean Beausejeur |<\/span> A pesar de que es uno de los m\u00e1s veteranos de Chile, el lateral izquierdo fue una salida constante por parte de su equipo, donde distribu\u00edan la pelota a trav\u00e9s de su lado para luego descargar con Arturo Vidal o Alexis S\u00e1nchez.<\/p>\n<p><span style=\"color: #ff0000;\">Julian Draxler |<\/span> Fue quien lider\u00f3 el equipo alem\u00e1n y fungi\u00f3 como capit\u00e1n del equipo. Su calidad y velocidad eran el motor de juego del equipo dirigido por Joachim L\u00f6w.<\/p>\n<p><span style=\"color: #ff0000;\">Arturo Vidal |<\/span> El Rey Arturo se ha convertido en uno de los mejores mediocampistas del mundo. Adem\u00e1s de defender, tambi\u00e9n ataca y se incorpora al ataque para generar peligro con sus remates de cabeza y piernas derecha e izquierda.<\/p>\n<p><span style=\"color: #ff0000;\">Leon Goretzka |<\/span> El joven jugador del Schalke 04 fue uno de los m\u00e1s destacados en el equipo que se coron\u00f3 en Rusia. Su manejo de bal\u00f3n as\u00ed como su capacidad para sumarse al ataque, permitieron que marcara un doblete en las Semifinales ante M\u00e9xico.<\/p>\n<p><span style=\"color: #ff0000;\">Cristiano Ronaldo |<\/span> Portugal se mueve gracias al astro del Real Madrid. El equipo es dirigido por Fernando Santos pero Cristiano es quien lidera al equipo, pues tenerlo en el campo da un plus para los lusitanos y los hace ser m\u00e1s peligrosos.<\/p>\n<p><span style=\"color: #ff0000;\">Timo Werner |<\/span> La titularidad se la gan\u00f3 hasta el segundo encuentro, pero desde el primero dej\u00f3 ver su gran capacidad como delantero. El joven del Red Bull Leipzeig se mueve por todo el frente de ataque y cuenta con gran calidad t\u00e9cnica, as\u00ed marc\u00f3 sus tres goles.<\/p>\n<p><span style=\"color: #ff0000;\">Alexis S\u00e1nchez |<\/span> Se dudaba que fuera a jugar los primeros partidos por una lesi\u00f3n, pero el delantero se recuper\u00f3 y se convirti\u00f3 en el revulsivo del equipo chileno. En la Fase de Grupos su velocidad se encarg\u00f3 de poner en peligro a los equipos que enfrentaron a los andinos.<\/p>\n","protected":false},"excerpt":{"rendered":"<p>Estos fueron los mejores jugadores del torneo.<\/p>\n","protected":false},"author":20,"featured_media":486598,"comment_status":"closed","ping_status":"closed","sticky":false,"template":"","format":"standard","meta":[],"categories":[5,3839],"tags":[6000,406,1580,65,715,8853],"_links":{"self":[{"href":"http:\/\/desarrollo.grupomedios.com\/futbol\/wp-json\/wp\/v2\/posts\/486586"}],"collection":[{"href":"http:\/\/desarrollo.grupomedios.com\/futbol\/wp-json\/wp\/v2\/posts"}],"about":[{"href":"http:\/\/desarrollo.grupomedios.com\/futbol\/wp-json\/wp\/v2\/types\/post"}],"author":[{"embeddable":true,"href":"http:\/\/desarrollo.grupomedios.com\/futbol\/wp-json\/wp\/v2\/users\/20"}],"replies":[{"embeddable":true,"href":"http:\/\/desarrollo.grupomedios.com\/futbol\/wp-json\/wp\/v2\/comments?post=486586"}],"version-history":[{"count":1,"href":"http:\/\/desarrollo.grupomedios.com\/futbol\/wp-json\/wp\/v2\/posts\/486586\/revisions"}],"predecessor-version":[{"id":486599,"href":"http:\/\/desarrollo.grupomedios.com\/futbol\/wp-json\/wp\/v2\/posts\/486586\/revisions\/486599"}],"wp:featuredmedia":[{"embeddable":true,"href":"http:\/\/desarrollo.grupomedios.com\/futbol\/wp-json\/wp\/v2\/media\/486598"}],"wp:attachment":[{"href":"http:\/\/desarrollo.grupomedios.com\/futbol\/wp-json\/wp\/v2\/media?parent=486586"}],"wp:term":[{"taxonomy":"category","embeddable":true,"href":"http:\/\/desarrollo.grupomedios.com\/futbol\/wp-json\/wp\/v2\/categories?post=486586"},{"taxonomy":"post_tag","embeddable":true,"href":"http:\/\/desarrollo.grupomedios.com\/futbol\/wp-json\/wp\/v2\/tags?post=486586"}],"curies":[{"name":"wp","href":"https:\/\/api.w.org\/{rel}","templated":true}]}}