{"id":486601,"date":"2017-07-03T11:19:30","date_gmt":"2017-07-03T16:19:30","guid":{"rendered":"https:\/\/www.futboltotal.com.mx\/?p=486601"},"modified":"2017-07-03T11:19:30","modified_gmt":"2017-07-03T16:19:30","slug":"benfica-escuhara-ofertas-y-dejaria-salir-a-raul-jimenez","status":"publish","type":"post","link":"http:\/\/desarrollo.grupomedios.com\/futbol\/futbol-internacional\/benfica-escuhara-ofertas-y-dejaria-salir-a-raul-jimenez\/2017\/07","title":{"rendered":"Benfica escuhar\u00e1 ofertas y dejar\u00eda salir a Ra\u00fal Jim\u00e9nez"},"content":{"rendered":"<p>A pesar de que<strong> Ra\u00fal Jim\u00e9nez<\/strong> ha tenido buenas actuaciones y ha marcado en momentos importantes para el <strong>Benfica<\/strong>, parece que el club portugu\u00e9s estar\u00eda dispuesto a dejar salir al delantero mexicano.<\/p>\n<p>Para esta temporada, las<em> \u00c1guilas<\/em><span style=\"color: #3366ff;\"> <a style=\"color: #3366ff;\" href=\"https:\/\/www.futboltotal.com.mx\/2017\/06\/benfica-ficha-a-seferovic-y-le-pone-competencia-a-raul-jimenez\/\" target=\"_blank\" rel=\"noopener noreferrer\">contrataron al delantero Haris Seferovic<\/a><\/span>, por lo que no tendr\u00edan problema en dejar salir a <strong>Jim\u00e9nez<\/strong> y m\u00e1s cuando han recibido buenas propuestas.<\/p>\n<p style=\"text-align: center;\"><span style=\"color: #3366ff;\"><a style=\"color: #3366ff;\" href=\"https:\/\/www.futboltotal.com.mx\/2017\/07\/11-ideal-la-copa-confederaciones\/\">VER M\u00c1S: El 11 ideal de la Copa Confederaciones<\/a><\/span><\/p>\n<p>Seg\u00fan informa el <em>diario R\u00e9cord<\/em> de Portugal, <strong>Benfica<\/strong> recibi\u00f3 una oferta 45 millones de euros por el delantero mexicano, por lo que el acuerdo ser\u00eda inminente debido a la gran cantidad de dinero.<\/p>\n<p>El rotativo informa que los equipos interesados en <strong>Jim\u00e9nez<\/strong> son de la <strong>Premier League<\/strong>, pues el <strong>West Ham<\/strong>, que <span style=\"color: #3366ff;\"><a style=\"color: #3366ff;\" href=\"https:\/\/www.futboltotal.com.mx\/2017\/07\/chicharito-la-prioridad-del-west-ham-en-mercado-fichajes\/\" target=\"_blank\" rel=\"noopener noreferrer\">tambi\u00e9n busca a Chicharito<\/a><\/span>, necesita un delantero centro al igual que el <strong>Liverpool<\/strong>.<\/p>\n<p>Reportes de la prensa europea tambi\u00e9n se\u00f1alan que<strong> Ra\u00fal Jim\u00e9nez<\/strong> <span style=\"color: #3366ff;\"><a style=\"color: #3366ff;\" href=\"https:\/\/www.futboltotal.com.mx\/2017\/06\/raul-jimenez-en-la-mira-del-besiktas\/\" target=\"_blank\" rel=\"noopener noreferrer\">ha levantado inter\u00e9s en el Besiktas de Turqu\u00eda<\/a><\/span>.<\/p>\n<p style=\"text-align: center;\"><span style=\"color: #3366ff;\"><a style=\"color: #3366ff;\" href=\"https:\/\/www.futboltotal.com.mx\/2017\/07\/miguel-herrera-confirma-goltz-dejara-al-america\/\">VER M\u00c1S: Miguel Herrera confirma que Goltz dejar\u00e1 al Am\u00e9rica<\/a><\/span><\/p>\n","protected":false},"excerpt":{"rendered":"<p>El destino del mexicano ser\u00eda en la Premier League.<\/p>\n","protected":false},"author":20,"featured_media":477882,"comment_status":"closed","ping_status":"closed","sticky":false,"template":"","format":"standard","meta":[],"categories":[7740,3839,3846,7709,6718,5951],"tags":[6060,334,742],"_links":{"self":[{"href":"http:\/\/desarrollo.grupomedios.com\/futbol\/wp-json\/wp\/v2\/posts\/486601"}],"collection":[{"href":"http:\/\/desarrollo.grupomedios.com\/futbol\/wp-json\/wp\/v2\/posts"}],"about":[{"href":"http:\/\/desarrollo.grupomedios.com\/futbol\/wp-json\/wp\/v2\/types\/post"}],"author":[{"embeddable":true,"href":"http:\/\/desarrollo.grupomedios.com\/futbol\/wp-json\/wp\/v2\/users\/20"}],"replies":[{"embeddable":true,"href":"http:\/\/desarrollo.grupomedios.com\/futbol\/wp-json\/wp\/v2\/comments?post=486601"}],"version-history":[{"count":1,"href":"http:\/\/desarrollo.grupomedios.com\/futbol\/wp-json\/wp\/v2\/posts\/486601\/revisions"}],"predecessor-version":[{"id":486602,"href":"http:\/\/desarrollo.grupomedios.com\/futbol\/wp-json\/wp\/v2\/posts\/486601\/revisions\/486602"}],"wp:featuredmedia":[{"embeddable":true,"href":"http:\/\/desarrollo.grupomedios.com\/futbol\/wp-json\/wp\/v2\/media\/477882"}],"wp:attachment":[{"href":"http:\/\/desarrollo.grupomedios.com\/futbol\/wp-json\/wp\/v2\/media?parent=486601"}],"wp:term":[{"taxonomy":"category","embeddable":true,"href":"http:\/\/desarrollo.grupomedios.com\/futbol\/wp-json\/wp\/v2\/categories?post=486601"},{"taxonomy":"post_tag","embeddable":true,"href":"http:\/\/desarrollo.grupomedios.com\/futbol\/wp-json\/wp\/v2\/tags?post=486601"}],"curies":[{"name":"wp","href":"https:\/\/api.w.org\/{rel}","templated":true}]}}