{"id":486603,"date":"2017-07-03T11:47:17","date_gmt":"2017-07-03T16:47:17","guid":{"rendered":"https:\/\/www.futboltotal.com.mx\/?p=486603"},"modified":"2017-07-03T11:47:17","modified_gmt":"2017-07-03T16:47:17","slug":"tecatito-corona-aparecio-en-la-pretemporada-del-porto","status":"publish","type":"post","link":"http:\/\/desarrollo.grupomedios.com\/futbol\/futbol-internacional\/tecatito-corona-aparecio-en-la-pretemporada-del-porto\/2017\/07","title":{"rendered":"Tecatito Corona apareci\u00f3 en la pretemporada del Porto"},"content":{"rendered":"<p>La situaci\u00f3n de<strong> Jes\u00fas Manuel Tecatito Corona<\/strong> es todo un misterio, pues luego de que se bajara de la <strong>Copa Confederaciones<\/strong> por problemas personales, el delantero mexicano ha dado de qu\u00e9 hablar en las \u00faltimas semanas.<\/p>\n<p>Desde una supuesta vinculaci\u00f3n con el narcotr\u00e1fico por su fichaje al Twente, as\u00ed como<span style=\"color: #3366ff;\"><a style=\"color: #3366ff;\" href=\"https:\/\/www.futboltotal.com.mx\/2017\/06\/tecatito-habria-dejado-a-mexico-para-vacacionar-con-su-esposa\/\" target=\"_blank\" rel=\"noopener noreferrer\"> sus lujosas vacaciones<\/a><\/span> y hasta un <span style=\"color: #3366ff;\"><a style=\"color: #3366ff;\" href=\"https:\/\/www.futboltotal.com.mx\/2017\/06\/milan-barcelona-cerca-fichar-al-tecatito-corona\/\" target=\"_blank\" rel=\"noopener noreferrer\">posible traspaso al Barcelona<\/a><\/span>,<strong> Tecatito Corona<\/strong> ha dejado de lado todo ello y este lunes se report\u00f3 con el Porto para realizar la pretemporada del club portugu\u00e9s.<\/p>\n<p>El delantero mexicano apareci\u00f3 en el primer entrenamiento del<strong> Porto<\/strong> y se le vio trotando junto a sus dem\u00e1s compa\u00f1eros que reportaron este d\u00eda.<\/p>\n<p style=\"text-align: center;\"><span style=\"color: #3366ff;\"><a style=\"color: #3366ff;\" href=\"https:\/\/www.futboltotal.com.mx\/2017\/07\/11-ideal-la-copa-confederaciones\/\">VER M\u00c1S: El 11 ideal de la Copa Confederaciones<\/a><\/span><\/p>\n<blockquote class=\"twitter-tweet\" data-width=\"500\">\n<p lang=\"und\" dir=\"ltr\"><a href=\"https:\/\/twitter.com\/hashtag\/FCPorto?src=hash\">#FCPorto<\/a> <a href=\"https:\/\/twitter.com\/hashtag\/training?src=hash\">#training<\/a> <a href=\"https:\/\/t.co\/0CCGRJ1LE9\">pic.twitter.com\/0CCGRJ1LE9<\/a><\/p>\n<p>&mdash; FC Porto (@FCPorto) <a href=\"https:\/\/twitter.com\/FCPorto\/status\/881854257187745792\">July 3, 2017<\/a><\/p><\/blockquote>\n<p><script async src=\"\/\/platform.twitter.com\/widgets.js\" charset=\"utf-8\"><\/script><\/p>\n<p>Adem\u00e1s de <strong>Tecatito Corona<\/strong>, otro de los que tambi\u00e9n report\u00f3 fue el mexicano Ra\u00fal Gudi\u00f1o, que empezar\u00e1 esta temporada con el primer equipo y est\u00e1 junto a Iker Casillas, quien podr\u00eda salir del club.<\/p>\n<p style=\"text-align: center;\"><span style=\"color: #3366ff;\"><a style=\"color: #3366ff;\" href=\"https:\/\/www.futboltotal.com.mx\/2017\/07\/periodistas-argentinos-ofenden-al-futbol-mexicano-una-mierda\/\">VER M\u00c1S: Periodistas argentinos ofenden al futbol mexicano: \u201cEs una mier\u2026\u201d<\/a><\/span><\/p>\n<p>https:\/\/twitter.com\/FCPorto\/status\/881846969290952706<\/p>\n","protected":false},"excerpt":{"rendered":"<p>El mexicano ya est\u00e1 en Portugal entrenando con su equipo.<\/p>\n","protected":false},"author":20,"featured_media":486605,"comment_status":"closed","ping_status":"closed","sticky":false,"template":"","format":"standard","meta":[],"categories":[3839],"tags":[1208,6045],"_links":{"self":[{"href":"http:\/\/desarrollo.grupomedios.com\/futbol\/wp-json\/wp\/v2\/posts\/486603"}],"collection":[{"href":"http:\/\/desarrollo.grupomedios.com\/futbol\/wp-json\/wp\/v2\/posts"}],"about":[{"href":"http:\/\/desarrollo.grupomedios.com\/futbol\/wp-json\/wp\/v2\/types\/post"}],"author":[{"embeddable":true,"href":"http:\/\/desarrollo.grupomedios.com\/futbol\/wp-json\/wp\/v2\/users\/20"}],"replies":[{"embeddable":true,"href":"http:\/\/desarrollo.grupomedios.com\/futbol\/wp-json\/wp\/v2\/comments?post=486603"}],"version-history":[{"count":1,"href":"http:\/\/desarrollo.grupomedios.com\/futbol\/wp-json\/wp\/v2\/posts\/486603\/revisions"}],"predecessor-version":[{"id":486606,"href":"http:\/\/desarrollo.grupomedios.com\/futbol\/wp-json\/wp\/v2\/posts\/486603\/revisions\/486606"}],"wp:featuredmedia":[{"embeddable":true,"href":"http:\/\/desarrollo.grupomedios.com\/futbol\/wp-json\/wp\/v2\/media\/486605"}],"wp:attachment":[{"href":"http:\/\/desarrollo.grupomedios.com\/futbol\/wp-json\/wp\/v2\/media?parent=486603"}],"wp:term":[{"taxonomy":"category","embeddable":true,"href":"http:\/\/desarrollo.grupomedios.com\/futbol\/wp-json\/wp\/v2\/categories?post=486603"},{"taxonomy":"post_tag","embeddable":true,"href":"http:\/\/desarrollo.grupomedios.com\/futbol\/wp-json\/wp\/v2\/tags?post=486603"}],"curies":[{"name":"wp","href":"https:\/\/api.w.org\/{rel}","templated":true}]}}