{"id":486607,"date":"2017-07-03T12:13:39","date_gmt":"2017-07-03T17:13:39","guid":{"rendered":"https:\/\/www.futboltotal.com.mx\/?p=486607"},"modified":"2017-07-03T12:13:39","modified_gmt":"2017-07-03T17:13:39","slug":"sandro-deja-al-malaga-ficha-everton","status":"publish","type":"post","link":"http:\/\/desarrollo.grupomedios.com\/futbol\/futbol-internacional\/sandro-deja-al-malaga-ficha-everton\/2017\/07","title":{"rendered":"Sandro deja al M\u00e1laga y ficha por el Everton"},"content":{"rendered":"<p>El <strong>Everton<\/strong>, club de la Premier League inglesa, ha anunciado el fichaje del delantero espa\u00f1ol<strong> Sandro Ram\u00edrez<\/strong> por cuatro temporadas, al hacer uso de la cl\u00e1usula de libertad que ten\u00eda el jugador con el <strong>M\u00e1laga<\/strong>.<\/p>\n<p><strong>Sandro<\/strong>, internacional sub-21 que particip\u00f3 con la selecci\u00f3n nacional en el \u00faltimo Europeo de la categor\u00eda en Polonia, milit\u00f3 la pasada campa\u00f1a en el <strong>M\u00e1laga<\/strong> y fue una de las revelaciones del campeonato.<\/p>\n<p style=\"text-align: center;\"><span style=\"color: #3366ff;\"><a style=\"color: #3366ff;\" href=\"https:\/\/www.futboltotal.com.mx\/2017\/07\/periodistas-argentinos-ofenden-al-futbol-mexicano-una-mierda\/\">VER M\u00c1S: Periodistas argentinos ofenden al futbol mexicano: \u201cEs una mier\u2026\u201d<\/a><\/span><\/p>\n<blockquote class=\"twitter-tweet\" data-data-dnt=\"true\">\n<p lang=\"en\" dir=\"ltr\">\ud83d\udcaa | \u00a1Bienvenido, <a href=\"https:\/\/twitter.com\/sandroramirez9?ref_src=twsrc%5Etfw\">@sandroramirez9<\/a>! The forward has signed a four-year deal, joining from <a href=\"https:\/\/twitter.com\/MalagaCF?ref_src=twsrc%5Etfw\">@MalagaCF<\/a>.  <a href=\"https:\/\/twitter.com\/hashtag\/WelcomeSandro?src=hash&amp;ref_src=twsrc%5Etfw\">#WelcomeSandro<\/a> <a href=\"https:\/\/t.co\/j5xjihkYaX\">https:\/\/t.co\/j5xjihkYaX<\/a><\/p>\n<p>&mdash; Everton (@Everton) <a href=\"https:\/\/twitter.com\/Everton\/status\/881890519273656320?ref_src=twsrc%5Etfw\">July 3, 2017<\/a><\/p><\/blockquote>\n<p><script async src=\"https:\/\/platform.twitter.com\/widgets.js\" charset=\"utf-8\"><\/script><\/p>\n<p>El jugador, nacido en Las Palmas de Gran Canaria, el 9 de julio de 1995, y formado en la cantera del Barcelona, donde ingres\u00f3 con 14 a\u00f1os el cadete A, pas\u00f3 al M\u00e1laga en julio de 2016, y llega al Everton tras hacer uso de la cl\u00e1usula de libertad que ten\u00eda en su contrato con el club andaluz, estipulada en seis millones de euros.<\/p>\n<p>&#8220;Estoy muy feliz, pues se trata de un gran paso en mi carrera deportiva. Se que estoy firmando por un club que est\u00e1 en lo alto en Inglaterra. El <strong>Everton<\/strong> es el lugar ideal para m\u00ed, con un entrenador que va a seguir d\u00e1ndome confianza para mejorar&#8221;, ha comentado <strong>Sandro<\/strong>, en declaraciones al canal televisivo del Everton.<\/p>\n<p style=\"text-align: center;\"><span style=\"color: #3366ff;\"><a style=\"color: #3366ff;\" href=\"https:\/\/www.futboltotal.com.mx\/2017\/07\/tecatito-corona-aparecio-en-la-pretemporada-del-porto\/\">VER M\u00c1S: Tecatito Corona apareci\u00f3 en la pretemporada del Porto<\/a><\/span><\/p>\n<p>En sus declaraciones, el canario tuvo tambi\u00e9n palabras para el holand\u00e9s Ronald Koeman, que ser\u00e1 su nuevo t\u00e9cnico: &#8220;Estoy muy emocionado de tener la oportunidad de trabajar con Ronald Koeman, que ha demostrado mucha fe en m\u00ed y result\u00f3 muy influyente en mi decisi\u00f3n de venir; al igual que otras personas en el club, especialmente el presidente, Bill Kenwright, y Steve Walsh (director de f\u00fatbol del club)&#8221;.<\/p>\n<blockquote class=\"twitter-tweet\" data-data-dnt=\"true\">\n<p lang=\"en\" dir=\"ltr\">\ud83d\udc40 | It&#39;s that time again&#8230; <a href=\"https:\/\/t.co\/DlrGSc2MJW\">pic.twitter.com\/DlrGSc2MJW<\/a><\/p>\n<p>&mdash; Everton (@Everton) <a href=\"https:\/\/twitter.com\/Everton\/status\/881889904174804992?ref_src=twsrc%5Etfw\">July 3, 2017<\/a><\/p><\/blockquote>\n<p><script async src=\"https:\/\/platform.twitter.com\/widgets.js\" charset=\"utf-8\"><\/script><\/p>\n<p>Koeman, que como jugador fue clave en la Champions League\u00a0conquistada por el Barcelona en 1992 (la primera del club catal\u00e1n), ha reconocido que el Evreton estaba &#8220;muy interesado&#8221; en hacerse con <strong>Sandro<\/strong>.<\/p>\n<p>&#8220;Es un goleador, joven, y con un gran futuro. Traer\u00e1 muchas buenas cualidades&#8221;, ha indicado el t\u00e9cnico. EFE.<\/p>\n","protected":false},"excerpt":{"rendered":"<p>El delantero espa\u00f1ol fue una de las sorpresas en Espa\u00f1a.<\/p>\n","protected":false},"author":144,"featured_media":486608,"comment_status":"closed","ping_status":"closed","sticky":false,"template":"","format":"standard","meta":[],"categories":[3839],"tags":[5984,219,306,3664,334,9149],"_links":{"self":[{"href":"http:\/\/desarrollo.grupomedios.com\/futbol\/wp-json\/wp\/v2\/posts\/486607"}],"collection":[{"href":"http:\/\/desarrollo.grupomedios.com\/futbol\/wp-json\/wp\/v2\/posts"}],"about":[{"href":"http:\/\/desarrollo.grupomedios.com\/futbol\/wp-json\/wp\/v2\/types\/post"}],"author":[{"embeddable":true,"href":"http:\/\/desarrollo.grupomedios.com\/futbol\/wp-json\/wp\/v2\/users\/144"}],"replies":[{"embeddable":true,"href":"http:\/\/desarrollo.grupomedios.com\/futbol\/wp-json\/wp\/v2\/comments?post=486607"}],"version-history":[{"count":1,"href":"http:\/\/desarrollo.grupomedios.com\/futbol\/wp-json\/wp\/v2\/posts\/486607\/revisions"}],"predecessor-version":[{"id":486609,"href":"http:\/\/desarrollo.grupomedios.com\/futbol\/wp-json\/wp\/v2\/posts\/486607\/revisions\/486609"}],"wp:featuredmedia":[{"embeddable":true,"href":"http:\/\/desarrollo.grupomedios.com\/futbol\/wp-json\/wp\/v2\/media\/486608"}],"wp:attachment":[{"href":"http:\/\/desarrollo.grupomedios.com\/futbol\/wp-json\/wp\/v2\/media?parent=486607"}],"wp:term":[{"taxonomy":"category","embeddable":true,"href":"http:\/\/desarrollo.grupomedios.com\/futbol\/wp-json\/wp\/v2\/categories?post=486607"},{"taxonomy":"post_tag","embeddable":true,"href":"http:\/\/desarrollo.grupomedios.com\/futbol\/wp-json\/wp\/v2\/tags?post=486607"}],"curies":[{"name":"wp","href":"https:\/\/api.w.org\/{rel}","templated":true}]}}