{"id":486629,"date":"2017-07-03T14:02:35","date_gmt":"2017-07-03T19:02:35","guid":{"rendered":"https:\/\/www.futboltotal.com.mx\/?p=486629"},"modified":"2017-07-03T14:03:06","modified_gmt":"2017-07-03T19:03:06","slug":"oribe-ya-no-es-un-jovencito-miguel-herrera","status":"publish","type":"post","link":"http:\/\/desarrollo.grupomedios.com\/futbol\/futbol-mexicano\/oribe-ya-no-es-un-jovencito-miguel-herrera\/2017\/07","title":{"rendered":"&#8220;Oribe ya no es un chavito de 20 a\u00f1os&#8221;: Miguel Herrera"},"content":{"rendered":"<p>El t\u00e9cnico de las<em> \u00c1guilas<\/em> del <a href=\"https:\/\/www.futboltotal.com.mx\/2017\/07\/america-tendra-6-patrocinadores-en-camiseta\/\" target=\"_blank\" rel=\"noopener noreferrer\"><span style=\"color: #333399;\"><strong>Am\u00e9rica<\/strong><\/span><\/a>, <a href=\"https:\/\/www.futboltotal.com.mx\/2017\/07\/miguel-herrera-confirma-goltz-dejara-al-america\/\" target=\"_blank\" rel=\"noopener noreferrer\"><span style=\"color: #333399;\"><strong>Miguel Herrera<\/strong><\/span><\/a>, declar\u00f3 que <a href=\"https:\/\/www.futboltotal.com.mx\/2017\/07\/oribe-peralta-cubo-torres-serian-los-candidatos-a-suplir-a-pulido\/\" target=\"_blank\" rel=\"noopener noreferrer\"><span style=\"color: #333399;\"><strong>Oribe Peralta<\/strong> <\/span><\/a>\u201cya no es un chavito de 20 a\u00f1os\u201d y tiene que descansar, luego de participar con la<a href=\"https:\/\/www.futboltotal.com.mx\/2017\/07\/resultados-portugal-2-1-mexico-tercer-lugar-copa-confederaciones\/\" target=\"_blank\" rel=\"noopener noreferrer\"><span style=\"color: #333399;\"><strong> Selecci\u00f3n Mexicana<\/strong><\/span><\/a>\u00a0en la <a href=\"https:\/\/www.futboltotal.com.mx\/2017\/07\/alemania-campeon-copa-confederaciones\/\" target=\"_blank\" rel=\"noopener noreferrer\"><span style=\"color: #333399;\"><strong>Copa Confederaciones Rusia 2017.<\/strong><\/span><\/a><\/p>\n<p style=\"text-align: center;\"><a href=\"https:\/\/www.futboltotal.com.mx\/2017\/07\/hijo-de-george-weah-ficha-con-psg\/\" target=\"_blank\" rel=\"noopener noreferrer\"><span style=\"color: #333399;\">VER M\u00c1S:\u00a0PSG ficha al hijo de una leyenda del futbol mundial<\/span><\/a><\/p>\n<p>El comentario surgi\u00f3 a ra\u00edz de que <em>El Cepillo<\/em> suena como posible sustituto de <a href=\"https:\/\/www.futboltotal.com.mx\/2017\/06\/alan-pulido-dona-150-mil-pesos-cheque-orozco\/\" target=\"_blank\" rel=\"noopener noreferrer\"><span style=\"color: #333399;\"><strong>Alan Pulido<\/strong><\/span><\/a> en el combinado nacional que jugar\u00e1 la <strong>Copa Oro<\/strong>, sin embargo, asegur\u00f3 que hasta el momento nadie de la <a href=\"https:\/\/www.futboltotal.com.mx\/2017\/06\/fmf-prohibe-uso-nombre-jaguares-chiapas\/\" target=\"_blank\" rel=\"noopener noreferrer\"><span style=\"color: #333399;\"><strong>FMF<\/strong><\/span><\/a> se ha acercado al <strong>Club Am\u00e9rica<\/strong> para solicitar al jugador.<\/p>\n<p>\u201cA m\u00ed no me han dicho nada, pero primero hay que preguntarle a Oribe si quiere, pero ya no es un chavito de 20 a\u00f1os que tenga que realmente la estamina para querer ir a todos los torneo. Tambi\u00e9n tiene que descansar, tiene 33 a\u00f1o\u201d.<\/p>\n<p>\u201cLos dem\u00e1s ya ser\u00eda decisi\u00f3n de Oribe. Nosotros siempre estaremos para apoyar a la selecci\u00f3n, pero tambi\u00e9n tenemos que cuidar los intereses del club y si el muchacho quiere, por nosotros no hay ning\u00fan problema\u201d.<\/p>\n<p style=\"text-align: center;\"><span style=\"color: #333399;\"><a style=\"color: #333399;\" href=\"https:\/\/www.futboltotal.com.mx\/2017\/07\/betis-tendria-puesta-la-mira-en-andres-guardado\/\" target=\"_blank\" rel=\"noopener noreferrer\">VER M\u00c1S:\u00a0El Betis tendr\u00eda puesta la mira en Andr\u00e9s Guardado<\/a><\/span><\/p>\n","protected":false},"excerpt":{"rendered":"<p>Miguel Herrera le echa porras a Oribe Peralta al asegurar que ya no es un jovencito.<\/p>\n","protected":false},"author":20,"featured_media":486632,"comment_status":"closed","ping_status":"closed","sticky":false,"template":"","format":"standard","meta":[],"categories":[3938,3839,2198,3845],"tags":[1580,1934,223,255,62,8853],"_links":{"self":[{"href":"http:\/\/desarrollo.grupomedios.com\/futbol\/wp-json\/wp\/v2\/posts\/486629"}],"collection":[{"href":"http:\/\/desarrollo.grupomedios.com\/futbol\/wp-json\/wp\/v2\/posts"}],"about":[{"href":"http:\/\/desarrollo.grupomedios.com\/futbol\/wp-json\/wp\/v2\/types\/post"}],"author":[{"embeddable":true,"href":"http:\/\/desarrollo.grupomedios.com\/futbol\/wp-json\/wp\/v2\/users\/20"}],"replies":[{"embeddable":true,"href":"http:\/\/desarrollo.grupomedios.com\/futbol\/wp-json\/wp\/v2\/comments?post=486629"}],"version-history":[{"count":2,"href":"http:\/\/desarrollo.grupomedios.com\/futbol\/wp-json\/wp\/v2\/posts\/486629\/revisions"}],"predecessor-version":[{"id":486634,"href":"http:\/\/desarrollo.grupomedios.com\/futbol\/wp-json\/wp\/v2\/posts\/486629\/revisions\/486634"}],"wp:featuredmedia":[{"embeddable":true,"href":"http:\/\/desarrollo.grupomedios.com\/futbol\/wp-json\/wp\/v2\/media\/486632"}],"wp:attachment":[{"href":"http:\/\/desarrollo.grupomedios.com\/futbol\/wp-json\/wp\/v2\/media?parent=486629"}],"wp:term":[{"taxonomy":"category","embeddable":true,"href":"http:\/\/desarrollo.grupomedios.com\/futbol\/wp-json\/wp\/v2\/categories?post=486629"},{"taxonomy":"post_tag","embeddable":true,"href":"http:\/\/desarrollo.grupomedios.com\/futbol\/wp-json\/wp\/v2\/tags?post=486629"}],"curies":[{"name":"wp","href":"https:\/\/api.w.org\/{rel}","templated":true}]}}