{"id":486647,"date":"2017-07-03T14:48:25","date_gmt":"2017-07-03T19:48:25","guid":{"rendered":"https:\/\/www.futboltotal.com.mx\/?p=486647"},"modified":"2017-07-03T14:48:25","modified_gmt":"2017-07-03T19:48:25","slug":"san-lorenzo-quiere-robarle-a-zelarayan-a-tigres","status":"publish","type":"post","link":"http:\/\/desarrollo.grupomedios.com\/futbol\/futbol-mexicano\/san-lorenzo-quiere-robarle-a-zelarayan-a-tigres\/2017\/07","title":{"rendered":"San Lorenzo quiere llevarse a un jugador de Tigres"},"content":{"rendered":"<p>El jugador de los <a href=\"https:\/\/www.futboltotal.com.mx\/2017\/07\/filtran-jersey-visitante-tigres-apertura-2017\/\" target=\"_blank\" rel=\"noopener noreferrer\"><span style=\"color: #333399;\"><strong>Tigres de la UANL<\/strong><\/span><\/a>, <a href=\"https:\/\/www.futboltotal.com.mx\/2017\/05\/zelarayan-podria-recalar-en-america\/\" target=\"_blank\" rel=\"noopener noreferrer\"><span style=\"color: #333399;\"><strong>Lucas Zelaray\u00e1n<\/strong><\/span><\/a>, podr\u00eda tener las horas contadas en el conjunto regiomontano. El volante argentino interesa al <a href=\"https:\/\/www.futboltotal.com.mx\/2017\/02\/aficion-san-lorenzo-inventa-porra-al-estilo-del-reggaeton\/\" target=\"_blank\" rel=\"noopener noreferrer\"><span style=\"color: #333399;\"><strong>San Lorenzo<\/strong><\/span><\/a> de <strong>Almagro<\/strong>\u00a0de <strong>Argentina<\/strong> para la pr\u00f3xima campa\u00f1a, as\u00ed lo dio a conocer el propio presidente del <em>Cicl\u00f3n<\/em>, <strong>Mat\u00edas Lammens<\/strong> en entrevista para <strong>TyC Sports.<\/strong><\/p>\n<p>\u201cNos gusta Zelaray\u00e1n. Queremos traerlo a San Lorenzo. En M\u00e9xico se figura, no ser\u00e1 nada f\u00e1cil\u201d, dijo <strong>Lammens.<\/strong><\/p>\n<p style=\"text-align: center;\"><a href=\"https:\/\/www.futboltotal.com.mx\/2017\/07\/antonio-pollo-briseno-deja-la-liga-mx-fichar-feirense\/\" target=\"_blank\" rel=\"noopener noreferrer\"><span style=\"color: #333399;\">VER M\u00c1S:\u00a0Antonio \u2018Pollo\u2019 Brise\u00f1o deja la Liga MX para fichar por el Feirense<\/span><\/a><\/p>\n<p><em>El Chino<\/em> lleg\u00f3 al conjunto de la <em>Sultana del Norte<\/em> en 2015 a cambio de 5.5 millones de d\u00f3lares por el 80% de su carta, mientras que el 20% restante pertenence a <a href=\"https:\/\/www.futboltotal.com.mx\/2017\/04\/futbol-argentino-conmocionado-muerte-del-hincha-belgrano\/\" target=\"_blank\" rel=\"noopener noreferrer\"><span style=\"color: #333399;\"><strong>Belgrano<\/strong><\/span><\/a>, club que vio nacer como profesional al futbolista de 25 a\u00f1os de edad.<\/p>\n<p style=\"text-align: center;\"><a href=\"https:\/\/www.futboltotal.com.mx\/2017\/07\/marioni-pide-disculpas-mexico-por-insultos-periodistas\/\" target=\"_blank\" rel=\"noopener noreferrer\"><span style=\"color: #333399;\">VER M\u00c1S:\u00a0Marioni pide disculpas a M\u00e9xico por insultos de periodistas argentinos<\/span><\/a><\/p>\n","protected":false},"excerpt":{"rendered":"<p>San Lorenzo quiere robarle al Chino a Tigres.<\/p>\n","protected":false},"author":20,"featured_media":486653,"comment_status":"closed","ping_status":"closed","sticky":false,"template":"","format":"standard","meta":[],"categories":[7740,3839,2198,3845],"tags":[7915,8084,9230,330,5973],"_links":{"self":[{"href":"http:\/\/desarrollo.grupomedios.com\/futbol\/wp-json\/wp\/v2\/posts\/486647"}],"collection":[{"href":"http:\/\/desarrollo.grupomedios.com\/futbol\/wp-json\/wp\/v2\/posts"}],"about":[{"href":"http:\/\/desarrollo.grupomedios.com\/futbol\/wp-json\/wp\/v2\/types\/post"}],"author":[{"embeddable":true,"href":"http:\/\/desarrollo.grupomedios.com\/futbol\/wp-json\/wp\/v2\/users\/20"}],"replies":[{"embeddable":true,"href":"http:\/\/desarrollo.grupomedios.com\/futbol\/wp-json\/wp\/v2\/comments?post=486647"}],"version-history":[{"count":1,"href":"http:\/\/desarrollo.grupomedios.com\/futbol\/wp-json\/wp\/v2\/posts\/486647\/revisions"}],"predecessor-version":[{"id":486654,"href":"http:\/\/desarrollo.grupomedios.com\/futbol\/wp-json\/wp\/v2\/posts\/486647\/revisions\/486654"}],"wp:featuredmedia":[{"embeddable":true,"href":"http:\/\/desarrollo.grupomedios.com\/futbol\/wp-json\/wp\/v2\/media\/486653"}],"wp:attachment":[{"href":"http:\/\/desarrollo.grupomedios.com\/futbol\/wp-json\/wp\/v2\/media?parent=486647"}],"wp:term":[{"taxonomy":"category","embeddable":true,"href":"http:\/\/desarrollo.grupomedios.com\/futbol\/wp-json\/wp\/v2\/categories?post=486647"},{"taxonomy":"post_tag","embeddable":true,"href":"http:\/\/desarrollo.grupomedios.com\/futbol\/wp-json\/wp\/v2\/tags?post=486647"}],"curies":[{"name":"wp","href":"https:\/\/api.w.org\/{rel}","templated":true}]}}