{"id":486656,"date":"2017-07-03T15:07:14","date_gmt":"2017-07-03T20:07:14","guid":{"rendered":"https:\/\/www.futboltotal.com.mx\/?p=486656"},"modified":"2017-07-03T15:07:14","modified_gmt":"2017-07-03T20:07:14","slug":"salcedo-presume-dorsal-portara-eintracht-frankfurt","status":"publish","type":"post","link":"http:\/\/desarrollo.grupomedios.com\/futbol\/futbol-internacional\/salcedo-presume-dorsal-portara-eintracht-frankfurt\/2017\/07","title":{"rendered":"Salcedo presume el dorsal que portar\u00e1 en el Eintracht Frankfurt"},"content":{"rendered":"<p><strong>C<a href=\"https:\/\/www.futboltotal.com.mx\/2017\/06\/carlos-salcedo-fue-operado-exito-del-hombro\/\" target=\"_blank\" rel=\"noopener noreferrer\"><span style=\"color: #333399;\">arlos Salcedo<\/span><\/a><\/strong>, jugador mexicano que reci\u00e9n ficho con el <a href=\"https:\/\/www.futboltotal.com.mx\/2017\/06\/salcedo-se-une-a-fabian-en-eintracht-frankfurt\/\" target=\"_blank\" rel=\"noopener noreferrer\"><span style=\"color: #333399;\"><strong>Eintracht Frankfurt<\/strong><\/span><\/a> de la <a href=\"https:\/\/www.futboltotal.com.mx\/2017\/06\/nestor-araujo-suena-llegar-bundesliga\/\" target=\"_blank\" rel=\"noopener noreferrer\"><span style=\"color: #333399;\"><strong>Bundesliga<\/strong><\/span><\/a>, donde compartir\u00e1 vestidor con su compatriota <a href=\"https:\/\/www.futboltotal.com.mx\/2017\/06\/marco-fabian-acepta-merecia-la-tarjeta-roja-ante-nueva-zelanda\/\" target=\"_blank\" rel=\"noopener noreferrer\"><span style=\"color: #333399;\"><strong>Marco Fabi\u00e1n<\/strong><\/span><\/a>, presumi\u00f3 a trav\u00e9s de su cuenta oficial de<strong> Twitter<\/strong> el dorsal que portar\u00e1.<\/p>\n<p style=\"text-align: center;\"><a href=\"https:\/\/www.futboltotal.com.mx\/2017\/07\/san-lorenzo-quiere-robarle-a-zelarayan-a-tigres\/\" target=\"_blank\" rel=\"noopener noreferrer\"><span style=\"color: #333399;\">VER M\u00c1S:\u00a0San Lorenzo quiere llevarse a un jugador de Tigres<\/span><\/a><\/p>\n<p><strong>Salcedo<\/strong> llega a <strong>Alemania<\/strong> tras una temporada de altibajos con la <a href=\"https:\/\/www.futboltotal.com.mx\/2017\/06\/ponen-en-venta-a-la-fiorentina-por-criticas-aficion\/\" target=\"_blank\" rel=\"noopener noreferrer\"><span style=\"color: #333399;\"><strong>Fiorentina<\/strong> <\/span><\/a>de la<a href=\"https:\/\/www.futboltotal.com.mx\/2017\/03\/buffon-impone-record-juventus-sigue-imparable-en-la-serie-a\/\" target=\"_blank\" rel=\"noopener noreferrer\"><span style=\"color: #333399;\"><strong> Serie A<\/strong><\/span><\/a>, y luego de causar baja de la <a href=\"https:\/\/www.futboltotal.com.mx\/2017\/07\/resultados-portugal-2-1-mexico-tercer-lugar-copa-confederaciones\/\" target=\"_blank\" rel=\"noopener noreferrer\"><span style=\"color: #333399;\"><strong>Selecci\u00f3n Mexicana<\/strong><\/span><\/a> que disput\u00f3 la <a href=\"https:\/\/www.futboltotal.com.mx\/2017\/07\/alemania-campeon-copa-confederaciones\/\" target=\"_blank\" rel=\"noopener noreferrer\"><span style=\"color: #333399;\"><strong>Copa Confederaciones Rusia 2017<\/strong><\/span><\/a>, a consecuencia de una lesi\u00f3n que sufri\u00f3 en el hombro en el encuentro ante <strong>Nueva Zelanda<\/strong>.<\/p>\n<p style=\"text-align: center;\"><a href=\"https:\/\/www.futboltotal.com.mx\/2017\/07\/antonio-pollo-briseno-deja-la-liga-mx-fichar-feirense\/\" target=\"_blank\" rel=\"noopener noreferrer\"><span style=\"color: #333399;\">VER M\u00c1S:\u00a0Antonio \u2018Pollo\u2019 Brise\u00f1o deja la Liga MX para fichar por el Feirense<\/span><\/a><\/p>\n<p>El zaguero mexicano se encuentra en <strong>Alemania<\/strong> realizando su rehabilitaci\u00f3n, por lo que agradeci\u00f3 el detalle de las <em>\u00c1guilas<\/em> por darle el 13 que tantas satisfacciones le ha dado a lo largo de su carrera.<\/p>\n<p>&nbsp;<\/p>\n<blockquote class=\"twitter-tweet\" data-lang=\"es\">\n<p dir=\"ltr\" lang=\"es\">&#x1f631;Mi gente ya vieron el detalle de parte de <a href=\"https:\/\/twitter.com\/Eintracht\">@Eintracht<\/a> Muy contento de volver a portar el #13 por tantas alegr\u00edas que me dio. <a href=\"https:\/\/twitter.com\/hashtag\/CS13?src=hash\">#CS13<\/a> <a href=\"https:\/\/twitter.com\/hashtag\/ElTit%C3%A1n?src=hash\">#ElTit\u00e1n<\/a> <a href=\"https:\/\/t.co\/U8ww3OLsmE\">pic.twitter.com\/U8ww3OLsmE<\/a><\/p>\n<p>\u2014 Carlos Salcedo (@Csalcedojr) <a href=\"https:\/\/twitter.com\/Csalcedojr\/status\/881905605316923392\">3 de julio de 2017<\/a><\/p><\/blockquote>\n<p><script async src=\"\/\/platform.twitter.com\/widgets.js\" charset=\"utf-8\"><\/script><\/p>\n","protected":false},"excerpt":{"rendered":"<p>Salcedo presumi\u00f3 el dorsal que portar\u00e1 en Alemania<\/p>\n","protected":false},"author":20,"featured_media":486658,"comment_status":"closed","ping_status":"closed","sticky":false,"template":"","format":"standard","meta":[],"categories":[3839,6718],"tags":[119,5531,1580,9071,1053,131,8853,5958],"_links":{"self":[{"href":"http:\/\/desarrollo.grupomedios.com\/futbol\/wp-json\/wp\/v2\/posts\/486656"}],"collection":[{"href":"http:\/\/desarrollo.grupomedios.com\/futbol\/wp-json\/wp\/v2\/posts"}],"about":[{"href":"http:\/\/desarrollo.grupomedios.com\/futbol\/wp-json\/wp\/v2\/types\/post"}],"author":[{"embeddable":true,"href":"http:\/\/desarrollo.grupomedios.com\/futbol\/wp-json\/wp\/v2\/users\/20"}],"replies":[{"embeddable":true,"href":"http:\/\/desarrollo.grupomedios.com\/futbol\/wp-json\/wp\/v2\/comments?post=486656"}],"version-history":[{"count":1,"href":"http:\/\/desarrollo.grupomedios.com\/futbol\/wp-json\/wp\/v2\/posts\/486656\/revisions"}],"predecessor-version":[{"id":486659,"href":"http:\/\/desarrollo.grupomedios.com\/futbol\/wp-json\/wp\/v2\/posts\/486656\/revisions\/486659"}],"wp:featuredmedia":[{"embeddable":true,"href":"http:\/\/desarrollo.grupomedios.com\/futbol\/wp-json\/wp\/v2\/media\/486658"}],"wp:attachment":[{"href":"http:\/\/desarrollo.grupomedios.com\/futbol\/wp-json\/wp\/v2\/media?parent=486656"}],"wp:term":[{"taxonomy":"category","embeddable":true,"href":"http:\/\/desarrollo.grupomedios.com\/futbol\/wp-json\/wp\/v2\/categories?post=486656"},{"taxonomy":"post_tag","embeddable":true,"href":"http:\/\/desarrollo.grupomedios.com\/futbol\/wp-json\/wp\/v2\/tags?post=486656"}],"curies":[{"name":"wp","href":"https:\/\/api.w.org\/{rel}","templated":true}]}}