{"id":486660,"date":"2017-07-03T17:31:58","date_gmt":"2017-07-03T22:31:58","guid":{"rendered":"https:\/\/www.futboltotal.com.mx\/?p=486660"},"modified":"2017-07-04T09:41:44","modified_gmt":"2017-07-04T14:41:44","slug":"cubo-torres-tomara-lugar-alan-pulido-tri-en-copa-oro","status":"publish","type":"post","link":"http:\/\/desarrollo.grupomedios.com\/futbol\/futbol-mexicano\/cubo-torres-tomara-lugar-alan-pulido-tri-en-copa-oro\/2017\/07","title":{"rendered":"Cubo Torres tomar\u00eda el lugar de Alan Pulido con el Tri en Copa Oro"},"content":{"rendered":"<p>El \u00faltimo puesto en la convocatoria de la <strong>Selecci\u00f3n Mexicana<\/strong> para disputar la <strong>Copa Oro<\/strong> est\u00e1 a punto de definirse. Luego de la lamentable lesi\u00f3n de hombro que sufri\u00f3 el delantero de <strong>Chivas<\/strong>, <strong>Alan Pulido<\/strong>, durante el amistoso del <em><strong>Tri<\/strong><\/em> ante <strong>Paraguay<\/strong>, el elegido para ocupar su lugar ser\u00eda el atacante <strong>Erick <em>Cubo<\/em> Torres<\/strong>.<\/p>\n<p>Seg\u00fan reportes del portal Medio Tiempo, la Comisi\u00f3n de Selecciones Nacionales en cualquier momento revelar\u00e1 que el <em><strong>Cubo<\/strong><\/em>, jugador del <strong>Houston Dynamo<\/strong>, ser\u00e1 el sustituto de <strong>Pulido<\/strong>.<\/p>\n<p style=\"text-align: center;\"><a href=\"https:\/\/www.futboltotal.com.mx\/2017\/07\/antonio-pollo-briseno-deja-la-liga-mx-fichar-feirense\/\" target=\"_blank\" rel=\"noopener noreferrer\"><span style=\"color: #333399;\">VER M\u00c1S: El Pollo Brise\u00f1o deja la Liga MX para emigrar al futbol de Portugal<\/span><\/a><\/p>\n<p>Los 12 goles que suma <strong>Torres<\/strong> en la presente temporada de la <strong>MLS<\/strong> habr\u00edan sido el motivo que pes\u00f3\u00a0a su favor por encima de otras opciones de jugadores que sonaron, como <strong>Oribe Peralta<\/strong>, quien fue parte del <em><strong>Tri<\/strong><\/em> que disput\u00f3 la <strong>Copa Confederaciones 2017<\/strong>.<\/p>\n<p>Asimismo, <strong>Torres<\/strong> ya hab\u00eda sido contemplado para disputar la <strong>Copa Oro<\/strong> desde la prelista de 40 jugadores que <strong>M\u00e9xico<\/strong> present\u00f3 ante <strong>Concacaf<\/strong>.<\/p>\n<p style=\"text-align: center;\"><span style=\"color: #333399;\"><a style=\"color: #333399;\" href=\"https:\/\/www.futboltotal.com.mx\/2017\/07\/periodistas-argentinos-ofenden-al-futbol-mexicano-una-mierda\/\" target=\"_blank\" rel=\"noopener noreferrer\">VER M\u00c1S: Periodistas argentinos ofenden al futbol mexicano: &#8220;Es una mierda&#8221;<\/a><\/span><\/p>\n","protected":false},"excerpt":{"rendered":"<p>En breve, la Selecci\u00f3n Mexicana anunciar\u00eda a Erick Torres para Copa Oro.<\/p>\n","protected":false},"author":20,"featured_media":486663,"comment_status":"closed","ping_status":"closed","sticky":false,"template":"","format":"standard","meta":[],"categories":[3938,3839,2198,3847],"tags":[1607,7666,4274,787,409],"_links":{"self":[{"href":"http:\/\/desarrollo.grupomedios.com\/futbol\/wp-json\/wp\/v2\/posts\/486660"}],"collection":[{"href":"http:\/\/desarrollo.grupomedios.com\/futbol\/wp-json\/wp\/v2\/posts"}],"about":[{"href":"http:\/\/desarrollo.grupomedios.com\/futbol\/wp-json\/wp\/v2\/types\/post"}],"author":[{"embeddable":true,"href":"http:\/\/desarrollo.grupomedios.com\/futbol\/wp-json\/wp\/v2\/users\/20"}],"replies":[{"embeddable":true,"href":"http:\/\/desarrollo.grupomedios.com\/futbol\/wp-json\/wp\/v2\/comments?post=486660"}],"version-history":[{"count":1,"href":"http:\/\/desarrollo.grupomedios.com\/futbol\/wp-json\/wp\/v2\/posts\/486660\/revisions"}],"predecessor-version":[{"id":486664,"href":"http:\/\/desarrollo.grupomedios.com\/futbol\/wp-json\/wp\/v2\/posts\/486660\/revisions\/486664"}],"wp:featuredmedia":[{"embeddable":true,"href":"http:\/\/desarrollo.grupomedios.com\/futbol\/wp-json\/wp\/v2\/media\/486663"}],"wp:attachment":[{"href":"http:\/\/desarrollo.grupomedios.com\/futbol\/wp-json\/wp\/v2\/media?parent=486660"}],"wp:term":[{"taxonomy":"category","embeddable":true,"href":"http:\/\/desarrollo.grupomedios.com\/futbol\/wp-json\/wp\/v2\/categories?post=486660"},{"taxonomy":"post_tag","embeddable":true,"href":"http:\/\/desarrollo.grupomedios.com\/futbol\/wp-json\/wp\/v2\/tags?post=486660"}],"curies":[{"name":"wp","href":"https:\/\/api.w.org\/{rel}","templated":true}]}}