{"id":486677,"date":"2017-07-03T16:40:28","date_gmt":"2017-07-03T21:40:28","guid":{"rendered":"https:\/\/www.futboltotal.com.mx\/?p=486677"},"modified":"2017-07-03T16:40:28","modified_gmt":"2017-07-03T21:40:28","slug":"lukas-podolski-jugara-en-japon","status":"publish","type":"post","link":"http:\/\/desarrollo.grupomedios.com\/futbol\/futbol-internacional\/lukas-podolski-jugara-en-japon\/2017\/07","title":{"rendered":"Lukas Podolski jugar\u00e1 en Jap\u00f3n"},"content":{"rendered":"<p>El veterano jugador alem\u00e1n de 32 a\u00f1os,<a href=\"https:\/\/www.futboltotal.com.mx\/2017\/03\/podolski-corrige-la-placa-goles-le-entregaron\/\" target=\"_blank\" rel=\"noopener noreferrer\"><span style=\"color: #333399;\"> <strong>Lukas Podolski<\/strong><\/span><\/a>, dirigir\u00e1 su carrera a otros horizontes tras dos temporadas en el <a href=\"https:\/\/www.futboltotal.com.mx\/2017\/06\/sneijder-cerca-de-los-angeles-de-la-mls\/\" target=\"_blank\" rel=\"noopener noreferrer\"><span style=\"color: #333399;\"><strong>Galatasaray<\/strong><\/span><\/a> de <strong>Turqu\u00eda.<\/strong><\/p>\n<p>El exjugador de la <a href=\"https:\/\/www.futboltotal.com.mx\/2017\/07\/alemania-campeon-copa-confederaciones\/\" target=\"_blank\" rel=\"noopener noreferrer\"><span style=\"color: #333399;\"><strong>Selecci\u00f3n de Alemania<\/strong><\/span><\/a> probar\u00e1 suerte en el futbol japon\u00e9s con el <strong>Vissel Kobe<\/strong>, as\u00ed lo dio a conocer el jugador a trav\u00e9s de sus redes sociales con una imagen en la que aparece portando la el\u00e1stica de su nuevo equipo.<\/p>\n<p style=\"text-align: center;\"><a href=\"https:\/\/www.futboltotal.com.mx\/2017\/07\/milan-ficha-al-turco-bayer-leverkusen-hakan-calhanoglu\/\" target=\"_blank\" rel=\"noopener noreferrer\"><span style=\"color: #333399;\">VER M\u00c1S:\u00a0Milan se roba del Bayer a compa\u00f1ero de Chicharito<\/span><\/a><\/p>\n<p><em>Podli<\/em> confirm\u00f3 desde marzo pasado que abandonar\u00eda el futbol turco, y dio a conocer su pr\u00f3ximo destino, siendo las &#8216;Vacas&#8217; quienes se hicieron de los servicios del jugador teut\u00f3n, quien firm\u00f3 con el conjunto nip\u00f3n hasta el t\u00e9rmino de esta temporada.<\/p>\n<p>Luego de 17 jornadas disputadas, la escuadra japonesa marcha d\u00e9cimo en la tabla general con 23 unidades, doce puntos por detr\u00e1s del l\u00edder general <strong>Cerezo Osaka.<\/strong><\/p>\n<p style=\"text-align: center;\"><a href=\"https:\/\/www.futboltotal.com.mx\/2017\/07\/ex-diablo-estaria-llegando-a-la-delantera-del-necaxa\/\" target=\"_blank\" rel=\"noopener noreferrer\"><span style=\"color: #333399;\">VER M\u00c1S:\u00a0Pablo Vel\u00e1zquez estar\u00eda cerca de llegar a Necaxa<\/span><\/a><\/p>\n<p>&nbsp;<\/p>\n<blockquote class=\"twitter-tweet\" data-lang=\"es\">\n<p dir=\"ltr\" lang=\"en\">The beginning of my next chapter. &#x1f4aa;&#x1f3fc;&#x1f1ef;&#x1f1f5;\u26bd <a href=\"https:\/\/twitter.com\/vissel_kobe\">@vissel_kobe<\/a> <a href=\"https:\/\/twitter.com\/hashtag\/kobe?src=hash\">#kobe<\/a> <a href=\"https:\/\/twitter.com\/hashtag\/poldi?src=hash\">#poldi<\/a> <a href=\"https:\/\/twitter.com\/hashtag\/strassenkicker?src=hash\">#strassenkicker<\/a> <a href=\"https:\/\/twitter.com\/hashtag\/japan?src=hash\">#japan<\/a> <a href=\"https:\/\/t.co\/bHNnrCrux1\">pic.twitter.com\/bHNnrCrux1<\/a><\/p>\n<p>\u2014 Lukas-Podolski.com (@Podolski10) <a href=\"https:\/\/twitter.com\/Podolski10\/status\/881857554753757185\">3 de julio de 2017<\/a><\/p><\/blockquote>\n<p><script async src=\"\/\/platform.twitter.com\/widgets.js\" charset=\"utf-8\"><\/script><\/p>\n","protected":false},"excerpt":{"rendered":"<p>Lukas Podolski continuar\u00e1 su carrera en el futbol nipon<\/p>\n","protected":false},"author":20,"featured_media":486678,"comment_status":"closed","ping_status":"closed","sticky":false,"template":"","format":"standard","meta":[],"categories":[7740,3839],"tags":[9231,6032,2581,9232],"_links":{"self":[{"href":"http:\/\/desarrollo.grupomedios.com\/futbol\/wp-json\/wp\/v2\/posts\/486677"}],"collection":[{"href":"http:\/\/desarrollo.grupomedios.com\/futbol\/wp-json\/wp\/v2\/posts"}],"about":[{"href":"http:\/\/desarrollo.grupomedios.com\/futbol\/wp-json\/wp\/v2\/types\/post"}],"author":[{"embeddable":true,"href":"http:\/\/desarrollo.grupomedios.com\/futbol\/wp-json\/wp\/v2\/users\/20"}],"replies":[{"embeddable":true,"href":"http:\/\/desarrollo.grupomedios.com\/futbol\/wp-json\/wp\/v2\/comments?post=486677"}],"version-history":[{"count":1,"href":"http:\/\/desarrollo.grupomedios.com\/futbol\/wp-json\/wp\/v2\/posts\/486677\/revisions"}],"predecessor-version":[{"id":486679,"href":"http:\/\/desarrollo.grupomedios.com\/futbol\/wp-json\/wp\/v2\/posts\/486677\/revisions\/486679"}],"wp:featuredmedia":[{"embeddable":true,"href":"http:\/\/desarrollo.grupomedios.com\/futbol\/wp-json\/wp\/v2\/media\/486678"}],"wp:attachment":[{"href":"http:\/\/desarrollo.grupomedios.com\/futbol\/wp-json\/wp\/v2\/media?parent=486677"}],"wp:term":[{"taxonomy":"category","embeddable":true,"href":"http:\/\/desarrollo.grupomedios.com\/futbol\/wp-json\/wp\/v2\/categories?post=486677"},{"taxonomy":"post_tag","embeddable":true,"href":"http:\/\/desarrollo.grupomedios.com\/futbol\/wp-json\/wp\/v2\/tags?post=486677"}],"curies":[{"name":"wp","href":"https:\/\/api.w.org\/{rel}","templated":true}]}}