{"id":486681,"date":"2017-07-03T16:58:48","date_gmt":"2017-07-03T21:58:48","guid":{"rendered":"https:\/\/www.futboltotal.com.mx\/?p=486681"},"modified":"2017-07-03T17:02:07","modified_gmt":"2017-07-03T22:02:07","slug":"dorlan-pabon-boca-juniors-futbol-chino","status":"publish","type":"post","link":"http:\/\/desarrollo.grupomedios.com\/futbol\/futbol-mexicano\/dorlan-pabon-boca-juniors-futbol-chino\/2017\/07","title":{"rendered":"Dorlan Pab\u00f3n estar\u00eda cerca del futbol chino"},"content":{"rendered":"<p>El delantero , <strong>Dorlan Pab\u00f3n<\/strong>, podr\u00eda salir de Rayados de<strong> Monterrey<\/strong> y el destino del colombiano podr\u00eda estar en China, as\u00ed lo asegur\u00f3 su representante.<\/p>\n<p>\u201cHay intereses de los empresarios chinos y este a\u00f1o vamos a ver si lo logramos, nos quedan d\u00edas a\u00fan. Estamos ante algo importante de <strong>China<\/strong>\u201d, declar\u00f3 en entrevista para el programa <em>Crack Deportivo<\/em> de Argentina.<\/p>\n<p style=\"text-align: center;\"><span style=\"color: #3366ff;\"><a style=\"color: #3366ff;\" href=\"https:\/\/www.futboltotal.com.mx\/2017\/07\/periodistas-argentinos-ofenden-al-futbol-mexicano-una-mierda\/\">VER M\u00c1S: Periodistas argentinos ofenden al futbol mexicano: \u201cEs una mier\u2026\u201d<\/a><\/span><\/p>\n<p>Asimismo, mencion\u00f3 que hubo un inter\u00e9s de <strong>Boca Juniors<\/strong> en el delantero colombiano, equipo que podr\u00eda hacer que se caiga la opci\u00f3n del futbol chino en caso de hacer una oferta por el jugador <em>albiazul<\/em>.<\/p>\n<p>\u201cEn <strong>China<\/strong> saben que si aparece<strong> Boca<\/strong> es dif\u00edcil quedarse con el jugador; Dorlan puede elegir a <strong>Boca<\/strong>, es una de las posibilidades que maneja el jugador. Decide \u00e9l\u201d, se\u00f1al\u00f3.<\/p>\n<p>Por lo pronto,<strong> Pab\u00f3n<\/strong> se mantiene con el equipo en la gira que tienen por Estados Unidos para disputar la Copa Socio MX.<\/p>\n<p style=\"text-align: center;\"><span style=\"color: #3366ff;\"><a style=\"color: #3366ff;\" href=\"https:\/\/www.futboltotal.com.mx\/2017\/07\/benfica-escuhara-ofertas-y-dejaria-salir-a-raul-jimenez\/\">VER M\u00c1S: Benfica escuhar\u00e1 ofertas y dejar\u00eda salir a Ra\u00fal Jim\u00e9nez<\/a><\/span><\/p>\n<p><em>*Con informaci\u00f3n de Mediotiempo<\/em><\/p>\n","protected":false},"excerpt":{"rendered":"<p>Su representante asegur\u00f3 que tambi\u00e9n Boca podr\u00eda llevarse al jugador.<\/p>\n","protected":false},"author":20,"featured_media":486079,"comment_status":"closed","ping_status":"closed","sticky":false,"template":"","format":"standard","meta":[],"categories":[2198,3845],"tags":[1683,2612,6800,9233],"_links":{"self":[{"href":"http:\/\/desarrollo.grupomedios.com\/futbol\/wp-json\/wp\/v2\/posts\/486681"}],"collection":[{"href":"http:\/\/desarrollo.grupomedios.com\/futbol\/wp-json\/wp\/v2\/posts"}],"about":[{"href":"http:\/\/desarrollo.grupomedios.com\/futbol\/wp-json\/wp\/v2\/types\/post"}],"author":[{"embeddable":true,"href":"http:\/\/desarrollo.grupomedios.com\/futbol\/wp-json\/wp\/v2\/users\/20"}],"replies":[{"embeddable":true,"href":"http:\/\/desarrollo.grupomedios.com\/futbol\/wp-json\/wp\/v2\/comments?post=486681"}],"version-history":[{"count":3,"href":"http:\/\/desarrollo.grupomedios.com\/futbol\/wp-json\/wp\/v2\/posts\/486681\/revisions"}],"predecessor-version":[{"id":486684,"href":"http:\/\/desarrollo.grupomedios.com\/futbol\/wp-json\/wp\/v2\/posts\/486681\/revisions\/486684"}],"wp:featuredmedia":[{"embeddable":true,"href":"http:\/\/desarrollo.grupomedios.com\/futbol\/wp-json\/wp\/v2\/media\/486079"}],"wp:attachment":[{"href":"http:\/\/desarrollo.grupomedios.com\/futbol\/wp-json\/wp\/v2\/media?parent=486681"}],"wp:term":[{"taxonomy":"category","embeddable":true,"href":"http:\/\/desarrollo.grupomedios.com\/futbol\/wp-json\/wp\/v2\/categories?post=486681"},{"taxonomy":"post_tag","embeddable":true,"href":"http:\/\/desarrollo.grupomedios.com\/futbol\/wp-json\/wp\/v2\/tags?post=486681"}],"curies":[{"name":"wp","href":"https:\/\/api.w.org\/{rel}","templated":true}]}}