{"id":486744,"date":"2017-07-04T09:12:29","date_gmt":"2017-07-04T14:12:29","guid":{"rendered":"https:\/\/www.futboltotal.com.mx\/?p=486744"},"modified":"2017-07-04T09:12:29","modified_gmt":"2017-07-04T14:12:29","slug":"hirving-lozano-ya-dorsal-psv","status":"publish","type":"post","link":"http:\/\/desarrollo.grupomedios.com\/futbol\/futbol-internacional\/hirving-lozano-ya-dorsal-psv\/2017\/07","title":{"rendered":"Hirving Lozano ya tiene su dorsal con el PSV"},"content":{"rendered":"<p>La reciente llegada del mediocampista mexicano al <strong>PSV<\/strong>, <strong>Hirving Chucky Lozano<\/strong>, tiene muy ilusionado al cuadro holand\u00e9s, quien en esta ocasi\u00f3n present\u00f3 de forma especial el dorsal con el que jugar\u00e1 el futbolista.<\/p>\n<p style=\"text-align: center;\"><span style=\"color: #333399;\"><a style=\"color: #333399;\" href=\"https:\/\/www.futboltotal.com.mx\/2017\/07\/antonio-pollo-briseno-deja-la-liga-mx-fichar-feirense\/\" target=\"_blank\" rel=\"noopener noreferrer\">VER M\u00c1S: Otro mexicano llega al futbol portugu\u00e9s<\/a><\/span><\/p>\n<p>A trav\u00e9s de redes sociales, el cuadro holand\u00e9s dio a conocer que<strong> Lozano<\/strong> jugar\u00e1 con el n\u00famero <strong>&#8217;11&#8217;<\/strong> en la espalda; en el primero se puede ver como estampan una camiseta con el dorsal y nombre de <strong>Lozano<\/strong>. Las siguientes son fotograf\u00edas del jersey ya utiliz\u00e1ndolo.<\/p>\n<blockquote class=\"twitter-video\" data-lang=\"en\">\n<p dir=\"ltr\" lang=\"es\">\u00a1Ya sabemos el dorsal que usar\u00e1 <a href=\"https:\/\/twitter.com\/HirvingLozano70\">@HirvingLozano70<\/a>! La pr\u00f3xima temporada, el extremo jugar\u00e1 con el dorsal 1\ufe0f\u20e31\ufe0f\u20e3. <a href=\"https:\/\/t.co\/5wvyKt8kvp\">pic.twitter.com\/5wvyKt8kvp<\/a><\/p>\n<p>\u2014 PSV International (@psveindhoven) <a href=\"https:\/\/twitter.com\/psveindhoven\/status\/882228715060695041\">July 4, 2017<\/a><\/p><\/blockquote>\n<p><script async src=\"\/\/platform.twitter.com\/widgets.js\" charset=\"utf-8\"><\/script><\/p>\n<p>Recordar que <strong>Chucky<\/strong> debut\u00f3 en <strong>Pachuca<\/strong> con el n\u00famero<strong> &#8217;70&#8217;<\/strong> y posteriormente utiliz\u00f3 el dorsal <strong>&#8216;8&#8217;<\/strong> hasta su salida a Holanda.<\/p>\n<p style=\"text-align: center;\"><span style=\"color: #333399;\"><a style=\"color: #333399;\" href=\"https:\/\/www.futboltotal.com.mx\/2017\/07\/11-ideal-la-copa-confederaciones\/\" target=\"_blank\" rel=\"noopener noreferrer\">VER M\u00c1S: El 11 ideal de la Copa Confederaciones<\/a><\/span><\/p>\n<p>https:\/\/twitter.com\/psveindhoven\/status\/882232356727336960<\/p>\n<p>&nbsp;<\/p>\n","protected":false},"excerpt":{"rendered":"<p>El futbolista mexicano tendr\u00e1 un n\u00famero distinto a los dos que utiliz\u00f3 en los Tuzos de Pachuca<\/p>\n","protected":false},"author":20,"featured_media":485286,"comment_status":"closed","ping_status":"closed","sticky":false,"template":"","format":"standard","meta":[],"categories":[3839],"tags":[6944,4420,5196,5968,2044],"_links":{"self":[{"href":"http:\/\/desarrollo.grupomedios.com\/futbol\/wp-json\/wp\/v2\/posts\/486744"}],"collection":[{"href":"http:\/\/desarrollo.grupomedios.com\/futbol\/wp-json\/wp\/v2\/posts"}],"about":[{"href":"http:\/\/desarrollo.grupomedios.com\/futbol\/wp-json\/wp\/v2\/types\/post"}],"author":[{"embeddable":true,"href":"http:\/\/desarrollo.grupomedios.com\/futbol\/wp-json\/wp\/v2\/users\/20"}],"replies":[{"embeddable":true,"href":"http:\/\/desarrollo.grupomedios.com\/futbol\/wp-json\/wp\/v2\/comments?post=486744"}],"version-history":[{"count":1,"href":"http:\/\/desarrollo.grupomedios.com\/futbol\/wp-json\/wp\/v2\/posts\/486744\/revisions"}],"predecessor-version":[{"id":486745,"href":"http:\/\/desarrollo.grupomedios.com\/futbol\/wp-json\/wp\/v2\/posts\/486744\/revisions\/486745"}],"wp:featuredmedia":[{"embeddable":true,"href":"http:\/\/desarrollo.grupomedios.com\/futbol\/wp-json\/wp\/v2\/media\/485286"}],"wp:attachment":[{"href":"http:\/\/desarrollo.grupomedios.com\/futbol\/wp-json\/wp\/v2\/media?parent=486744"}],"wp:term":[{"taxonomy":"category","embeddable":true,"href":"http:\/\/desarrollo.grupomedios.com\/futbol\/wp-json\/wp\/v2\/categories?post=486744"},{"taxonomy":"post_tag","embeddable":true,"href":"http:\/\/desarrollo.grupomedios.com\/futbol\/wp-json\/wp\/v2\/tags?post=486744"}],"curies":[{"name":"wp","href":"https:\/\/api.w.org\/{rel}","templated":true}]}}