{"id":486765,"date":"2017-07-04T10:16:49","date_gmt":"2017-07-04T15:16:49","guid":{"rendered":"https:\/\/www.futboltotal.com.mx\/?p=486765"},"modified":"2017-07-04T10:16:49","modified_gmt":"2017-07-04T15:16:49","slug":"mohamed-responde-a-acusaciones-gargano-lo-reta","status":"publish","type":"post","link":"http:\/\/desarrollo.grupomedios.com\/futbol\/futbol-mexicano\/mohamed-responde-a-acusaciones-gargano-lo-reta\/2017\/07","title":{"rendered":"Mohamed responde a acusaciones de Gargano y lo reta"},"content":{"rendered":"<p>El esc\u00e1ndalo al interior del <strong>Monterrey<\/strong> sigue dando de qu\u00e9 hablar, esto luego de que el uruguayo <a href=\"https:\/\/www.futboltotal.com.mx\/2017\/07\/gargano-explota-contra-mohamed-y-quiere-irse-de-rayados\/\" target=\"_blank\" rel=\"noopener noreferrer\"><span style=\"color: #333399;\"><strong>Walter Gargano<\/strong> acusara a su t\u00e9cnico, el argentino <strong>Antonio Mohamed<\/strong><\/span><\/a>, de que se quedara con dinero de su contrato, a lo que el <em><strong>Turco<\/strong><\/em> no ha tardado en responder de forma contundente.<\/p>\n<p>&#8220;Le doy la oportunidad (a <strong>Gargano<\/strong>) de que ma\u00f1ana salga a retractarse\u2026 o bien ratificar lo dicho&#8221;, declar\u00f3 <strong>Mohamed<\/strong> en entrevista para el diario Cancha.<\/p>\n<p>Incluso, <strong>Duilio Davino<\/strong>, presidente de los <em><strong>Rayados<\/strong><\/em>, se ha sumado a los personajes que hablan ante los medios de comunicaci\u00f3n, dando la postura por parte del club regio.<\/p>\n<p style=\"text-align: center;\"><a href=\"https:\/\/www.futboltotal.com.mx\/2017\/07\/alan-pulido-estara-18-semanas\/\" target=\"_blank\" rel=\"noopener noreferrer\"><span style=\"color: #333399;\">VER M\u00c1S: Alan Pulido, fuera 18 semanas y se pierde casi todo el Apertura 2017<\/span><\/a><\/p>\n<p>&#8220;Ya habl\u00e9 con <strong>Walter<\/strong> (<strong>Gargano<\/strong>) son acusaciones graves, hay que tener fundamentos para respaldarlas (&#8230;) <strong>Gargano<\/strong> dice que fue una calentura, el <em>Turco<\/em> tiene una trayectoria seria, de mucha jerarqu\u00eda, y no se pueden decir cosas as\u00ed&#8221;, dijo el directivo.<\/p>\n<p>Al interior del club entienden que la situaci\u00f3n de <strong>Gargano<\/strong> no es nada sencilla, luego de que perdiera protagonismo en <em>Rayados<\/em>, pero no minimizan la gravedad de sus palabras.<\/p>\n<p>&#8220;El <em>Turco<\/em> dice que puede mirar a la cara a quien sea, est\u00e1 muy claro el asunto, fue un momento de calentura de <strong>Gargano<\/strong>. La respuesta de <strong>Walter<\/strong> es que est\u00e1 pasando un momento complicado y que se fue de boca&#8221;, a\u00f1adi\u00f3 <strong>Davino<\/strong>.<\/p>\n<p style=\"text-align: center;\"><a href=\"https:\/\/www.futboltotal.com.mx\/2017\/07\/sera-destino-guillermo-ochoa\/\" target=\"_blank\" rel=\"noopener noreferrer\"><span style=\"color: #333399;\">VER M\u00c1S: \u00bfCu\u00e1l ser\u00e1 el destino de Guillermo Ochoa?<\/span><\/a><\/p>\n","protected":false},"excerpt":{"rendered":"<p>El Turco no ha tardado en contestar de forma contundente.<\/p>\n","protected":false},"author":20,"featured_media":486769,"comment_status":"closed","ping_status":"closed","sticky":false,"template":"","format":"standard","meta":[],"categories":[2198,3845],"tags":[1587,64,5966,497,5641],"_links":{"self":[{"href":"http:\/\/desarrollo.grupomedios.com\/futbol\/wp-json\/wp\/v2\/posts\/486765"}],"collection":[{"href":"http:\/\/desarrollo.grupomedios.com\/futbol\/wp-json\/wp\/v2\/posts"}],"about":[{"href":"http:\/\/desarrollo.grupomedios.com\/futbol\/wp-json\/wp\/v2\/types\/post"}],"author":[{"embeddable":true,"href":"http:\/\/desarrollo.grupomedios.com\/futbol\/wp-json\/wp\/v2\/users\/20"}],"replies":[{"embeddable":true,"href":"http:\/\/desarrollo.grupomedios.com\/futbol\/wp-json\/wp\/v2\/comments?post=486765"}],"version-history":[{"count":1,"href":"http:\/\/desarrollo.grupomedios.com\/futbol\/wp-json\/wp\/v2\/posts\/486765\/revisions"}],"predecessor-version":[{"id":486770,"href":"http:\/\/desarrollo.grupomedios.com\/futbol\/wp-json\/wp\/v2\/posts\/486765\/revisions\/486770"}],"wp:featuredmedia":[{"embeddable":true,"href":"http:\/\/desarrollo.grupomedios.com\/futbol\/wp-json\/wp\/v2\/media\/486769"}],"wp:attachment":[{"href":"http:\/\/desarrollo.grupomedios.com\/futbol\/wp-json\/wp\/v2\/media?parent=486765"}],"wp:term":[{"taxonomy":"category","embeddable":true,"href":"http:\/\/desarrollo.grupomedios.com\/futbol\/wp-json\/wp\/v2\/categories?post=486765"},{"taxonomy":"post_tag","embeddable":true,"href":"http:\/\/desarrollo.grupomedios.com\/futbol\/wp-json\/wp\/v2\/tags?post=486765"}],"curies":[{"name":"wp","href":"https:\/\/api.w.org\/{rel}","templated":true}]}}