{"id":486783,"date":"2017-07-04T11:55:56","date_gmt":"2017-07-04T16:55:56","guid":{"rendered":"https:\/\/www.futboltotal.com.mx\/?p=486783"},"modified":"2017-07-04T14:01:02","modified_gmt":"2017-07-04T19:01:02","slug":"caixinha-admite-gullit-herrera-estan-en-mejor-nivel","status":"publish","type":"post","link":"http:\/\/desarrollo.grupomedios.com\/futbol\/futbol-mexicano\/caixinha-admite-gullit-herrera-estan-en-mejor-nivel\/2017\/07","title":{"rendered":"Caixinha admite que Gullit y Herrera no est\u00e1n en su mejor nivel"},"content":{"rendered":"<p>El<strong> Rangers<\/strong> de Escocia sigue preparando su pretemporada y de paso clasificar a la Europa League, por lo que <strong>Carlos Pe\u00f1a y Eduardo Herrera<\/strong> ya trabajan a las \u00f3rdenes del portugu\u00e9s Pedro Caixinha.<\/p>\n<p>El entrenador lusitano reconoci\u00f3 que los mexicanos no han estado en competencia debido a que no se encuentran al mismo nivel que sus compa\u00f1eros,pues cabe recordar que apenas se integraron hace una semana a los entrenamientos.<\/p>\n<p style=\"text-align: center;\"><span style=\"color: #3366ff;\"><a style=\"color: #3366ff;\" href=\"https:\/\/www.futboltotal.com.mx\/2017\/07\/mohamed-responde-a-acusaciones-gargano-lo-reta\/\">VER M\u00c1S: Mohamed responde a acusaciones de Gargano y lo reta<\/a><\/span><\/p>\n<p>\u201cEllos est\u00e1n todav\u00eda un nivel por debajo de los otros, pero lo hicieron bien en nuestro partido del fin de semana\u201d, declar\u00f3 Caixinha quien tambi\u00e9n se\u00f1al\u00f3 que solo contemplar\u00e1 a uno de ellos para encarar el duelo de vuelta de la Europa League, contra el Progres Niederkorn.<\/p>\n<p>\u201cUno de ellos, <strong>Herrera o Pe\u00f1a<\/strong> estar\u00e1 fuera. S\u00f3lo necesito hacer mi an\u00e1lisis final para llegar a una conclusi\u00f3n y coment\u00e1rsela al jugador\u201d confes\u00f3 Caixinha.<\/p>\n<p>El Rangers consigui\u00f3 un triunfo de 1-0 ante el Progr\u00e8s de Luxemburgo en el partido de ida, donde no participaron ni <strong>Gullit y Herrera<\/strong>.<\/p>\n<p style=\"text-align: center;\"><span style=\"color: #3366ff;\"><a style=\"color: #3366ff;\" href=\"https:\/\/www.futboltotal.com.mx\/2017\/07\/marioni-respondio-mostrando-sus-exitos-a-azzaro-luego-critica\/\">VER M\u00c1S: Marioni respondi\u00f3 mostrando sus \u00e9xitos a Azzaro luego de su cr\u00edtica<\/a><\/span><\/p>\n","protected":false},"excerpt":{"rendered":"<p>Solo uno de los mexicanos podr\u00eda ver acci\u00f3n en la Europa League.<\/p>\n","protected":false},"author":20,"featured_media":477386,"comment_status":"closed","ping_status":"closed","sticky":false,"template":"","format":"standard","meta":[],"categories":[3839,2198],"tags":[1781,1140,1754,8893],"_links":{"self":[{"href":"http:\/\/desarrollo.grupomedios.com\/futbol\/wp-json\/wp\/v2\/posts\/486783"}],"collection":[{"href":"http:\/\/desarrollo.grupomedios.com\/futbol\/wp-json\/wp\/v2\/posts"}],"about":[{"href":"http:\/\/desarrollo.grupomedios.com\/futbol\/wp-json\/wp\/v2\/types\/post"}],"author":[{"embeddable":true,"href":"http:\/\/desarrollo.grupomedios.com\/futbol\/wp-json\/wp\/v2\/users\/20"}],"replies":[{"embeddable":true,"href":"http:\/\/desarrollo.grupomedios.com\/futbol\/wp-json\/wp\/v2\/comments?post=486783"}],"version-history":[{"count":2,"href":"http:\/\/desarrollo.grupomedios.com\/futbol\/wp-json\/wp\/v2\/posts\/486783\/revisions"}],"predecessor-version":[{"id":486812,"href":"http:\/\/desarrollo.grupomedios.com\/futbol\/wp-json\/wp\/v2\/posts\/486783\/revisions\/486812"}],"wp:featuredmedia":[{"embeddable":true,"href":"http:\/\/desarrollo.grupomedios.com\/futbol\/wp-json\/wp\/v2\/media\/477386"}],"wp:attachment":[{"href":"http:\/\/desarrollo.grupomedios.com\/futbol\/wp-json\/wp\/v2\/media?parent=486783"}],"wp:term":[{"taxonomy":"category","embeddable":true,"href":"http:\/\/desarrollo.grupomedios.com\/futbol\/wp-json\/wp\/v2\/categories?post=486783"},{"taxonomy":"post_tag","embeddable":true,"href":"http:\/\/desarrollo.grupomedios.com\/futbol\/wp-json\/wp\/v2\/tags?post=486783"}],"curies":[{"name":"wp","href":"https:\/\/api.w.org\/{rel}","templated":true}]}}