{"id":486790,"date":"2017-07-04T12:16:45","date_gmt":"2017-07-04T17:16:45","guid":{"rendered":"https:\/\/www.futboltotal.com.mx\/?p=486790"},"modified":"2017-07-04T12:16:45","modified_gmt":"2017-07-04T17:16:45","slug":"chucky-lozano-asegura-mexico-merecio-en-la-confederaciones","status":"publish","type":"post","link":"http:\/\/desarrollo.grupomedios.com\/futbol\/futbol-mexicano\/chucky-lozano-asegura-mexico-merecio-en-la-confederaciones\/2017\/07","title":{"rendered":"Chucky Lozano asegura que M\u00e9xico mereci\u00f3 m\u00e1s en la Confederaciones"},"content":{"rendered":"<p>El delantero <strong>Hirving Lozano<\/strong>, quien jugar\u00e1 a partir de la pr\u00f3xima temporada con el PSV Eindhoven holand\u00e9s, asegur\u00f3 hoy que M\u00e9xico mereci\u00f3 algo mejor que el cuarto lugar de la <strong>Copa Confederaciones<\/strong> concluida el domingo en Rusia.<\/p>\n<p>&#8220;Merec\u00edamos m\u00e1s, aunque para m\u00ed fue de mucha experiencia; no fue un fracaso&#8221;, dijo el atacante, uno de los futbolistas j\u00f3venes mexicanos de m\u00e1s talento.<\/p>\n<p><strong>Lozano<\/strong> fue uno de los pocos jugadores de la selecci\u00f3n mexicana que atendi\u00f3 hoy a los medios al regresar de Rusia y lo hizo con unas breves declaraciones camino a la salida de la terminal a\u00e9rea.<\/p>\n<p style=\"text-align: center;\"><span style=\"color: #3366ff;\"><a style=\"color: #3366ff;\" href=\"https:\/\/www.futboltotal.com.mx\/2017\/07\/mohamed-responde-a-acusaciones-gargano-lo-reta\/\">VER M\u00c1S: Mohamed responde a acusaciones de Gargano y lo reta<\/a><\/span><\/p>\n<p>M\u00e9xico venci\u00f3 a Nueva Zelanda y a Rusia y empat\u00f3 con Portugal en la fase de grupos de la Confederaciones, pero en semifinales fue goleado 4-1 por el campe\u00f3n mundial Alemania y derrotado por el tercer lugar 2-1 en tiempo extra ante Portugal, luego de perder una ventaja a \u00faltima hora.<\/p>\n<p>Despu\u00e9s de la <strong>Confederaciones<\/strong>, a <strong>M\u00e9xico<\/strong> le restan dos compromisos importantes en el resto del a\u00f1o, la Copa Oro, que el seleccionador Juan Carlos Osorio asumir\u00e1 a partir del domingo con un equipo alterno, y la parte final de las eliminatorias mundialistas de la Concacaf en la que el equipo va invicto en el primer lugar.<\/p>\n<p>En la fase de grupos de la Copa Oro, <strong>M\u00e9xico<\/strong> debutar\u00e1 el domingo ante El Salvador, enfrentar\u00e1 a Jamaica, el jueves 13, y a Curazao, el domingo 16. En la eliminatoria, el &#8220;tri&#8221; recibir\u00e1 a Panam\u00e1 el 1 de septiembre y visitar\u00e1 a Costa Rica, el 5.EFE<\/p>\n<p style=\"text-align: center;\"><a href=\"https:\/\/www.futboltotal.com.mx\/2017\/07\/marioni-respondio-mostrando-sus-exitos-a-azzaro-luego-critica\/\" target=\"_blank\" rel=\"noopener noreferrer\"><span style=\"color: #3366ff;\">VER M\u00c1S: Marioni respondi\u00f3 mostrando sus \u00e9xitos a Azzaro luego de su cr\u00edtica<\/span><\/a><\/p>\n","protected":false},"excerpt":{"rendered":"<p>El Chucky regres\u00f3 a M\u00e9xico para atender asuntos de su llegada a Holanda.<\/p>\n","protected":false},"author":144,"featured_media":484288,"comment_status":"closed","ping_status":"closed","sticky":false,"template":"","format":"standard","meta":[],"categories":[2198],"tags":[6944,1580,5196,9247],"_links":{"self":[{"href":"http:\/\/desarrollo.grupomedios.com\/futbol\/wp-json\/wp\/v2\/posts\/486790"}],"collection":[{"href":"http:\/\/desarrollo.grupomedios.com\/futbol\/wp-json\/wp\/v2\/posts"}],"about":[{"href":"http:\/\/desarrollo.grupomedios.com\/futbol\/wp-json\/wp\/v2\/types\/post"}],"author":[{"embeddable":true,"href":"http:\/\/desarrollo.grupomedios.com\/futbol\/wp-json\/wp\/v2\/users\/144"}],"replies":[{"embeddable":true,"href":"http:\/\/desarrollo.grupomedios.com\/futbol\/wp-json\/wp\/v2\/comments?post=486790"}],"version-history":[{"count":1,"href":"http:\/\/desarrollo.grupomedios.com\/futbol\/wp-json\/wp\/v2\/posts\/486790\/revisions"}],"predecessor-version":[{"id":486792,"href":"http:\/\/desarrollo.grupomedios.com\/futbol\/wp-json\/wp\/v2\/posts\/486790\/revisions\/486792"}],"wp:featuredmedia":[{"embeddable":true,"href":"http:\/\/desarrollo.grupomedios.com\/futbol\/wp-json\/wp\/v2\/media\/484288"}],"wp:attachment":[{"href":"http:\/\/desarrollo.grupomedios.com\/futbol\/wp-json\/wp\/v2\/media?parent=486790"}],"wp:term":[{"taxonomy":"category","embeddable":true,"href":"http:\/\/desarrollo.grupomedios.com\/futbol\/wp-json\/wp\/v2\/categories?post=486790"},{"taxonomy":"post_tag","embeddable":true,"href":"http:\/\/desarrollo.grupomedios.com\/futbol\/wp-json\/wp\/v2\/tags?post=486790"}],"curies":[{"name":"wp","href":"https:\/\/api.w.org\/{rel}","templated":true}]}}