{"id":486793,"date":"2017-07-04T12:27:06","date_gmt":"2017-07-04T17:27:06","guid":{"rendered":"https:\/\/www.futboltotal.com.mx\/?p=486793"},"modified":"2017-07-04T12:27:06","modified_gmt":"2017-07-04T17:27:06","slug":"futbolista-nombre-peculiar","status":"publish","type":"post","link":"http:\/\/desarrollo.grupomedios.com\/futbol\/futbol-internacional\/futbolista-nombre-peculiar\/2017\/07","title":{"rendered":"El futbolista con el nombre m\u00e1s peculiar"},"content":{"rendered":"<p>En el conjunto de <strong>Atl\u00e9tico Nacional<\/strong> se encontr\u00f3 un elemento de la <strong>sub 18<\/strong> que tiene un nombre muy poco com\u00fan, podr\u00eda ser que sea el \u00fanico futbolista con este nombre.<\/p>\n<p>Resulta que los padres de este chico decidieron tomar el calendario y ponerle como nombre las iniciales de los meses del a\u00f1o y as\u00ed armar el nombre de\u00a0<strong>Efmamjjasond Gonz\u00e1lez<\/strong>.<\/p>\n<p style=\"text-align: center;\"><span style=\"color: #333399;\"><a style=\"color: #333399;\" href=\"https:\/\/www.futboltotal.com.mx\/2017\/07\/cubo-torres-elegido-del-tri-suplir-a-pulido-en-copa-oro\/\" target=\"_blank\" rel=\"noopener noreferrer\">VER M\u00c1S: Cubo Torres suplir\u00e1 a Pulido en Copa Oro<\/a><\/span><\/p>\n<p>De acuerdo con el diario <em>El Tiempo<\/em>,\u00a0<strong>Efmamjjasond<\/strong> solo comparte nombre con un colegio de\u00a0<strong>Rep\u00fablica Dominicana<\/strong>, por lo que su nombre en realidad si es algo \u00fanico.<\/p>\n<div id=\"hybs-slot-99edd984\" class=\"hybs-slot\">\u00a0Finaliza primer tiempo. Ganan los juveniles verdolagas parcialmente 1-0 a Gremio en la Copa Mitad del Mundo, gol de Efmamjjasond Gonz\u00e1les.<\/div>\n<blockquote class=\"twitter-tweet\" data-lang=\"es\"><p>\u2014 Atl\u00e9tico Nacional (@nacionaloficial) <a href=\"https:\/\/twitter.com\/nacionaloficial\/status\/881564866703654912\">2 de julio de 2017<\/a><\/p><\/blockquote>\n<p><script async src=\"\/\/platform.twitter.com\/widgets.js\" charset=\"utf-8\"><\/script><\/p>\n<p style=\"text-align: center;\"><span style=\"color: #333399;\"><a style=\"color: #333399;\" href=\"https:\/\/www.futboltotal.com.mx\/2017\/07\/cruz-azul-oficial-fichaje-edgar-mendez\/\" target=\"_blank\" rel=\"noopener noreferrer\">VER M\u00c1S: \u00c9dgar M\u00e9ndez ya es de Cruz Azul<\/a><\/span><\/p>\n","protected":false},"excerpt":{"rendered":"<p>En Atl\u00e9tico Nacional cuentan con un futbolista que podr\u00eda tener uno de los nombres m\u00e1s extra\u00f1os en la historia del balompi\u00e9<\/p>\n","protected":false},"author":20,"featured_media":449704,"comment_status":"closed","ping_status":"closed","sticky":false,"template":"","format":"standard","meta":[],"categories":[5419,3839],"tags":[2075,6005,9248,3882],"_links":{"self":[{"href":"http:\/\/desarrollo.grupomedios.com\/futbol\/wp-json\/wp\/v2\/posts\/486793"}],"collection":[{"href":"http:\/\/desarrollo.grupomedios.com\/futbol\/wp-json\/wp\/v2\/posts"}],"about":[{"href":"http:\/\/desarrollo.grupomedios.com\/futbol\/wp-json\/wp\/v2\/types\/post"}],"author":[{"embeddable":true,"href":"http:\/\/desarrollo.grupomedios.com\/futbol\/wp-json\/wp\/v2\/users\/20"}],"replies":[{"embeddable":true,"href":"http:\/\/desarrollo.grupomedios.com\/futbol\/wp-json\/wp\/v2\/comments?post=486793"}],"version-history":[{"count":1,"href":"http:\/\/desarrollo.grupomedios.com\/futbol\/wp-json\/wp\/v2\/posts\/486793\/revisions"}],"predecessor-version":[{"id":486794,"href":"http:\/\/desarrollo.grupomedios.com\/futbol\/wp-json\/wp\/v2\/posts\/486793\/revisions\/486794"}],"wp:featuredmedia":[{"embeddable":true,"href":"http:\/\/desarrollo.grupomedios.com\/futbol\/wp-json\/wp\/v2\/media\/449704"}],"wp:attachment":[{"href":"http:\/\/desarrollo.grupomedios.com\/futbol\/wp-json\/wp\/v2\/media?parent=486793"}],"wp:term":[{"taxonomy":"category","embeddable":true,"href":"http:\/\/desarrollo.grupomedios.com\/futbol\/wp-json\/wp\/v2\/categories?post=486793"},{"taxonomy":"post_tag","embeddable":true,"href":"http:\/\/desarrollo.grupomedios.com\/futbol\/wp-json\/wp\/v2\/tags?post=486793"}],"curies":[{"name":"wp","href":"https:\/\/api.w.org\/{rel}","templated":true}]}}