{"id":486795,"date":"2017-07-04T13:09:15","date_gmt":"2017-07-04T18:09:15","guid":{"rendered":"https:\/\/www.futboltotal.com.mx\/?p=486795"},"modified":"2017-07-04T13:09:15","modified_gmt":"2017-07-04T18:09:15","slug":"guido-pizarro-estaria-cerca-de-ser-jugador-del-sevilla","status":"publish","type":"post","link":"http:\/\/desarrollo.grupomedios.com\/futbol\/destacado-home\/guido-pizarro-estaria-cerca-de-ser-jugador-del-sevilla\/2017\/07","title":{"rendered":"Guido Pizarro estar\u00eda cerca de ser jugador del Sevilla"},"content":{"rendered":"<p>El futuro de <strong>Guido Pizarro<\/strong> no ser\u00e1 en Tigres y el mediocampista argentino cumplir\u00e1 su sue\u00f1o de jugar en el futbol europeo, pues ya estar\u00eda viajando rumbo a Espa\u00f1a para firmar con el Sevilla.<\/p>\n<p>Seg\u00fan informa el portal espa\u00f1ol, <em>Diario de Sevilla<\/em>, el mediocampista argentino tom\u00f3 una \u2018decisi\u00f3n inapelable\u2019 para jugar con el equipo de Eduardo Berizzo, quien ya lo hab\u00eda buscado cuando dirig\u00eda al Celta de Vigo.<\/p>\n<p style=\"text-align: center;\"><span style=\"color: #3366ff;\"><a style=\"color: #3366ff;\" href=\"https:\/\/www.futboltotal.com.mx\/2017\/07\/mohamed-responde-a-acusaciones-gargano-lo-reta\/\">VER M\u00c1S: Mohamed responde a acusaciones de Gargano y lo reta<\/a><\/span><\/p>\n<p><a href=\"https:\/\/www.futboltotal.com.mx\/wp-content\/uploads\/2017\/07\/guido-pizarro-diario-de-sevilla.jpg\"><img decoding=\"async\" loading=\"lazy\" class=\"alignnone size-full wp-image-486797\" src=\"https:\/\/www.futboltotal.com.mx\/wp-content\/uploads\/2017\/07\/guido-pizarro-diario-de-sevilla.jpg\" alt=\"Guido Pizarro estar\u00eda cerca de ser jugador del Sevilla 0\" srcset=\"http:\/\/desarrollo.grupomedios.com\/futbol\/wp-content\/uploads\/2017\/07\/guido-pizarro-diario-de-sevilla.jpg 1044w, http:\/\/desarrollo.grupomedios.com\/futbol\/wp-content\/uploads\/2017\/07\/guido-pizarro-diario-de-sevilla-300x230.jpg 300w, http:\/\/desarrollo.grupomedios.com\/futbol\/wp-content\/uploads\/2017\/07\/guido-pizarro-diario-de-sevilla-768x589.jpg 768w, http:\/\/desarrollo.grupomedios.com\/futbol\/wp-content\/uploads\/2017\/07\/guido-pizarro-diario-de-sevilla-1024x786.jpg 1024w\" sizes=\"(max-width: 1044px) 100vw, 1044px\" \/><\/a><\/p>\n<p>En la misma publicaci\u00f3n, el medio espa\u00f1ol asegura que en las pr\u00f3ximas horas dir\u00e1 adi\u00f3s a la pretemporada del equipo en la Riviera Maya y el cuadro blanquirrojo pagar\u00eda seis millones de d\u00f3lares, puesto que la cl\u00e1usula de rescisi\u00f3n ser\u00eda menor para el mercado europeo.<\/p>\n<blockquote><p>&#8220;La competencia de Boca Juniors no fue suficiente para torcer el destino sevillista del jugador, por mucho que Guillermo Barros Schelotto lo haya marcado como prioritario despu\u00e9s de haberlo disfrutado en su etapa como t\u00e9cnico de Lan\u00fas. El Sevilla pagar\u00e1 al Tigres 6 millones de d\u00f3lares (casi 5,3 millones de euros).<\/p>\n<p>Pese a que algunas fuentes mexicanas aseguraban que su cl\u00e1usula es de 15 millones de d\u00f3lares, seg\u00fan otras esta cifra reg\u00eda para el mercado americano, ya que para el europeo hab\u00eda otra inferior, que es la que le abre la senda al jugador para unirse al proyecto de Berizzo.&#8221;<\/p><\/blockquote>\n<p><strong>Guido Pizarro<\/strong> estuvo presente la ma\u00f1ana de este martes en la sesi\u00f3n de gimnasio que tuvo Tigres en el hotel donde se hospedan.<\/p>\n<p style=\"text-align: center;\"><span style=\"color: #3366ff;\"><a style=\"color: #3366ff;\" href=\"https:\/\/www.futboltotal.com.mx\/2017\/07\/sera-destino-guillermo-ochoa\/\">VER M\u00c1S: \u00bfCu\u00e1l ser\u00e1 el destino de Guillermo Ochoa?<\/a><\/span><\/p>\n","protected":false},"excerpt":{"rendered":"<p>El argentino viajar\u00eda a Espa\u00f1a en las pr\u00f3ximas horas.<\/p>\n","protected":false},"author":20,"featured_media":483293,"comment_status":"closed","ping_status":"closed","sticky":false,"template":"","format":"standard","meta":[],"categories":[5,2198,3845],"tags":[3991,64,49,5973],"_links":{"self":[{"href":"http:\/\/desarrollo.grupomedios.com\/futbol\/wp-json\/wp\/v2\/posts\/486795"}],"collection":[{"href":"http:\/\/desarrollo.grupomedios.com\/futbol\/wp-json\/wp\/v2\/posts"}],"about":[{"href":"http:\/\/desarrollo.grupomedios.com\/futbol\/wp-json\/wp\/v2\/types\/post"}],"author":[{"embeddable":true,"href":"http:\/\/desarrollo.grupomedios.com\/futbol\/wp-json\/wp\/v2\/users\/20"}],"replies":[{"embeddable":true,"href":"http:\/\/desarrollo.grupomedios.com\/futbol\/wp-json\/wp\/v2\/comments?post=486795"}],"version-history":[{"count":1,"href":"http:\/\/desarrollo.grupomedios.com\/futbol\/wp-json\/wp\/v2\/posts\/486795\/revisions"}],"predecessor-version":[{"id":486798,"href":"http:\/\/desarrollo.grupomedios.com\/futbol\/wp-json\/wp\/v2\/posts\/486795\/revisions\/486798"}],"wp:featuredmedia":[{"embeddable":true,"href":"http:\/\/desarrollo.grupomedios.com\/futbol\/wp-json\/wp\/v2\/media\/483293"}],"wp:attachment":[{"href":"http:\/\/desarrollo.grupomedios.com\/futbol\/wp-json\/wp\/v2\/media?parent=486795"}],"wp:term":[{"taxonomy":"category","embeddable":true,"href":"http:\/\/desarrollo.grupomedios.com\/futbol\/wp-json\/wp\/v2\/categories?post=486795"},{"taxonomy":"post_tag","embeddable":true,"href":"http:\/\/desarrollo.grupomedios.com\/futbol\/wp-json\/wp\/v2\/tags?post=486795"}],"curies":[{"name":"wp","href":"https:\/\/api.w.org\/{rel}","templated":true}]}}