{"id":486810,"date":"2017-07-04T14:02:52","date_gmt":"2017-07-04T19:02:52","guid":{"rendered":"https:\/\/www.futboltotal.com.mx\/?p=486810"},"modified":"2017-07-04T14:02:52","modified_gmt":"2017-07-04T19:02:52","slug":"atletico-madrid-amarra-vitolo-pese-sancion-fifa","status":"publish","type":"post","link":"http:\/\/desarrollo.grupomedios.com\/futbol\/futbol-internacional\/atletico-madrid-amarra-vitolo-pese-sancion-fifa\/2017\/07","title":{"rendered":"Atleti amarra a Vitolo pese a sanci\u00f3n de FIFA"},"content":{"rendered":"<p><a href=\"https:\/\/www.futboltotal.com.mx\/2017\/07\/atletico-madrid-da-a-conocer-saul-niguez\/\" target=\"_blank\" rel=\"noopener noreferrer\"><span style=\"color: #333399;\"><strong>Atl\u00e9tico de Madrid<\/strong><\/span><\/a> amarr\u00f3 el fichaje del jugador del <strong><a href=\"https:\/\/www.futboltotal.com.mx\/2017\/07\/guido-pizarro-estaria-cerca-de-ser-jugador-del-sevilla\/\" target=\"_blank\" rel=\"noopener noreferrer\"><span style=\"color: #333399;\">Sevilla<\/span><\/a>,<\/strong> <strong>Victor Mach\u00edn<\/strong>, quien lleg\u00f3 a un acuerdo con los <em>Colchoneros<\/em>, sin embargo, su arribo al conjunto madridista ser\u00e1 hasta enero debido a la sanci\u00f3n de <a href=\"https:\/\/www.futboltotal.com.mx\/2017\/07\/joseph-blatter-admite-debio-haber-dejado-la-fifa\/\" target=\"_blank\" rel=\"noopener noreferrer\"><span style=\"color: #333399;\"><strong>FIFA<\/strong><\/span><\/a> que prohibe la inscripci\u00f3n de jugadores.<\/p>\n<p style=\"text-align: center;\"><a href=\"https:\/\/www.futboltotal.com.mx\/2017\/07\/ferguson-tundio-agente-mino-raiola\/\" target=\"_blank\" rel=\"noopener noreferrer\"><span style=\"color: #333399;\">VER M\u00c1S:\u00a0Ferguson tundi\u00f3 con todo al agente Mino Raiola<\/span><\/a><\/p>\n<p>Durante los pr\u00f3ximos seis meses <em>Vitolo<\/em> jugar\u00e1 con la <a href=\"https:\/\/www.futboltotal.com.mx\/2017\/06\/las-palmas-contrata-portero-ochoa-estaria\/\" target=\"_blank\" rel=\"noopener noreferrer\"><span style=\"color: #333399;\">UD Las Palmas<\/span><\/a>, as\u00ed lo confirm\u00f3 el director deportivo del conjunto canario, <strong>Toni Cruz.<\/strong><\/p>\n<p>\u201cEl presidente Miguel \u00c1ngel Ram\u00edrez ha llegado a un acuerdo con el Atl\u00e9tico de Madrid, directamente con Miguel \u00c1ngel Gil Mar\u00edn. Si Vitolo ficha por el Atl\u00e9tico estar\u00e1 en Las Palmas hasta enero. Eso puede pasar en una semana\u201d, dijo <strong>Cruz.<\/strong><\/p>\n<p style=\"text-align: center;\"><a href=\"https:\/\/www.futboltotal.com.mx\/2017\/07\/a-traves-twitter-comentarista-espn-denuncio-asesinato-hermana\/\" target=\"_blank\" rel=\"noopener noreferrer\"><span style=\"color: #333399;\">VER M\u00c1S:\u00a0A trav\u00e9s de Twitter, comentarista de ESPN denunci\u00f3 asesinato de su hermana<\/span><\/a><\/p>\n<p>Se especula que el <em>Atleti<\/em> realizar\u00e1 un pr\u00e9stamo de 40 millones de euros a <em>Vitolo<\/em> para que pague la cl\u00e1usula de rescisi\u00f3n y quede liberado del contrato que lo vincula con <strong>Sevilla<\/strong> hasta 2020. lo que le permitir\u00e1 incorporarse a <strong>Las Palmas<\/strong> como agente libre para que en enero se incorpore al conjunto dirigido por <a href=\"https:\/\/www.futboltotal.com.mx\/2017\/05\/simeone-no-va-del-atletico-madrid\/\" target=\"_blank\" rel=\"noopener noreferrer\"><span style=\"color: #333399;\"><strong>Simeone.<\/strong><\/span><\/a><\/p>\n<p style=\"text-align: center;\"><a href=\"https:\/\/www.futboltotal.com.mx\/2017\/07\/vinculan-a-tecatito-corona-la-roma\/\" target=\"_blank\" rel=\"noopener noreferrer\"><span style=\"color: #333399;\">VER M\u00c1S:\u00a0Vinculan a Tecatito Corona con la Roma<\/span><\/a><\/p>\n","protected":false},"excerpt":{"rendered":"<p>Atl\u00e9tico hace de las suyas y amarra a Vitolo pese a sanci\u00f3n de FIFA<\/p>\n","protected":false},"author":20,"featured_media":486813,"comment_status":"closed","ping_status":"closed","sticky":false,"template":"","format":"standard","meta":[],"categories":[7740,3839],"tags":[6007,1384,49,9250,3378,9249],"_links":{"self":[{"href":"http:\/\/desarrollo.grupomedios.com\/futbol\/wp-json\/wp\/v2\/posts\/486810"}],"collection":[{"href":"http:\/\/desarrollo.grupomedios.com\/futbol\/wp-json\/wp\/v2\/posts"}],"about":[{"href":"http:\/\/desarrollo.grupomedios.com\/futbol\/wp-json\/wp\/v2\/types\/post"}],"author":[{"embeddable":true,"href":"http:\/\/desarrollo.grupomedios.com\/futbol\/wp-json\/wp\/v2\/users\/20"}],"replies":[{"embeddable":true,"href":"http:\/\/desarrollo.grupomedios.com\/futbol\/wp-json\/wp\/v2\/comments?post=486810"}],"version-history":[{"count":1,"href":"http:\/\/desarrollo.grupomedios.com\/futbol\/wp-json\/wp\/v2\/posts\/486810\/revisions"}],"predecessor-version":[{"id":486814,"href":"http:\/\/desarrollo.grupomedios.com\/futbol\/wp-json\/wp\/v2\/posts\/486810\/revisions\/486814"}],"wp:featuredmedia":[{"embeddable":true,"href":"http:\/\/desarrollo.grupomedios.com\/futbol\/wp-json\/wp\/v2\/media\/486813"}],"wp:attachment":[{"href":"http:\/\/desarrollo.grupomedios.com\/futbol\/wp-json\/wp\/v2\/media?parent=486810"}],"wp:term":[{"taxonomy":"category","embeddable":true,"href":"http:\/\/desarrollo.grupomedios.com\/futbol\/wp-json\/wp\/v2\/categories?post=486810"},{"taxonomy":"post_tag","embeddable":true,"href":"http:\/\/desarrollo.grupomedios.com\/futbol\/wp-json\/wp\/v2\/tags?post=486810"}],"curies":[{"name":"wp","href":"https:\/\/api.w.org\/{rel}","templated":true}]}}