{"id":486825,"date":"2017-07-04T15:14:41","date_gmt":"2017-07-04T20:14:41","guid":{"rendered":"https:\/\/www.futboltotal.com.mx\/?p=486825"},"modified":"2017-07-04T15:54:55","modified_gmt":"2017-07-04T20:54:55","slug":"lalo-herrrera-debuto-en-eliminacion-del-rangers-en-la-europa-league","status":"publish","type":"post","link":"http:\/\/desarrollo.grupomedios.com\/futbol\/futbol-internacional\/lalo-herrrera-debuto-en-eliminacion-del-rangers-en-la-europa-league\/2017\/07","title":{"rendered":"Lalo Herrrera debut\u00f3 en eliminaci\u00f3n del Rangers en la Europa League"},"content":{"rendered":"<p>En su debut en partido oficial, el mexicano <strong>Eduardo Herrera<\/strong> cay\u00f3 con el <strong>Rangers<\/strong> y el equipo escoc\u00e9s dirigido por Pedro Caixinha, qued\u00f3 eliminado de la <strong>Europa League<\/strong> por el Progr\u00e8s Niedercorn de Luxemburgo.<\/p>\n<blockquote class=\"twitter-tweet\" data-width=\"500\">\n<p lang=\"en\" dir=\"ltr\">FT: Progres 2:0 (2:1) <a href=\"https:\/\/twitter.com\/hashtag\/RangersFC?src=hash\">#RangersFC<\/a> (Francoise 66&#39; Thill 75&#39;) Disappointment for the Light Blues in Luxembourg losing by two goals on the night <a href=\"https:\/\/t.co\/lPw4gcb8Re\">pic.twitter.com\/lPw4gcb8Re<\/a><\/p>\n<p>&mdash; Rangers FC (@RangersFC) <a href=\"https:\/\/twitter.com\/RangersFC\/status\/882322615125364738\">July 4, 2017<\/a><\/p><\/blockquote>\n<p><script async src=\"\/\/platform.twitter.com\/widgets.js\" charset=\"utf-8\"><\/script><\/p>\n<p>El equipo dirigido por Caixinha hab\u00eda ganado la ida 1-0 en Glasgow, pero este d\u00eda cay\u00f3 por marcador de 2-0 y consum\u00f3 el primer fracaso de la temporada en su etapa como entrenador.<\/p>\n<p>Quien tuvo su oportunidad de debutar fue <strong>Lalo\u00a0Herrera<\/strong>, pues el ex jugador de Pumas y Veracruz ingres\u00f3 al minuto 77&#8242; por el ingl\u00e9s Jordan Rossite, aunque poco pudo hacer.<\/p>\n<blockquote class=\"twitter-tweet\" data-width=\"500\">\n<p lang=\"en\" dir=\"ltr\">77&#39; SUB: Last change of the match for the Gers and Eduardo Herrera comes on for Jordan Rossiter. It&#39;s 2:1 Progres on aggregate.<\/p>\n<p>&mdash; Rangers FC (@RangersFC) <a href=\"https:\/\/twitter.com\/RangersFC\/status\/882318398453145600\">July 4, 2017<\/a><\/p><\/blockquote>\n<p><script async src=\"\/\/platform.twitter.com\/widgets.js\" charset=\"utf-8\"><\/script><\/p>\n<blockquote class=\"twitter-tweet\" data-width=\"500\">\n<p lang=\"es\" dir=\"ltr\">El 2do, Rangers se est\u00e1 yendo de la Europa League en primera fase eliminatoria ante el Progres de Luxemburgo&#8230;<br \/>Ya entr\u00f3 <a href=\"https:\/\/twitter.com\/LaloHerrera15\">@LaloHerrera15<\/a> <a href=\"https:\/\/t.co\/o2YL6jAo8b\">pic.twitter.com\/o2YL6jAo8b<\/a><\/p>\n<p>&mdash; Mauricio S. Fonseca (@mausanfon) <a href=\"https:\/\/twitter.com\/mausanfon\/status\/882319793814220802\">July 4, 2017<\/a><\/p><\/blockquote>\n<p><script async src=\"\/\/platform.twitter.com\/widgets.js\" charset=\"utf-8\"><\/script><\/p>\n<p>Por su parte, Carlos Pe\u00f1a se quedar\u00e1 con las ganas de debutar luego de que no fuera elegido por Caixinha debido a que el t\u00e9cnico portugu\u00e9s argument\u00f3 que est\u00e1 bajo de nivel.<\/p>\n<p>Ahora el Rangers de <strong>Lalo Herrera y Gullit Pe\u00f1a<\/strong> solo quedar\u00e1 disputar la Liga de Escocia y la Copa, donde buscar\u00e1 quitarle el trono al Celtic, quien ha dominado durante los \u00faltimos a\u00f1os.<\/p>\n<blockquote class=\"twitter-tweet\" data-width=\"500\">\n<p lang=\"es\" dir=\"ltr\">ELIMINADO<a href=\"https:\/\/twitter.com\/RangersFC\">@RangersFC<\/a> no pudo marcar, todav\u00eda tuvo esta \u00faltima al travesa\u00f1o pero se va de Europa League en debut de <a href=\"https:\/\/twitter.com\/LaloHerrera15\">@LaloHerrera15<\/a> <a href=\"https:\/\/t.co\/XVZFeUZqdl\">pic.twitter.com\/XVZFeUZqdl<\/a><\/p>\n<p>&mdash; Mauricio S. Fonseca (@mausanfon) <a href=\"https:\/\/twitter.com\/mausanfon\/status\/882323346574254080\">July 4, 2017<\/a><\/p><\/blockquote>\n<p><script async src=\"\/\/platform.twitter.com\/widgets.js\" charset=\"utf-8\"><\/script><\/p>\n","protected":false},"excerpt":{"rendered":"<p>El mexicano jug\u00f3 13 minutos y no pudo ayudar a su equipo.<\/p>\n","protected":false},"author":20,"featured_media":486845,"comment_status":"closed","ping_status":"closed","sticky":false,"template":"","format":"standard","meta":[],"categories":[3857,3839,6718],"tags":[1140,6214,8893],"_links":{"self":[{"href":"http:\/\/desarrollo.grupomedios.com\/futbol\/wp-json\/wp\/v2\/posts\/486825"}],"collection":[{"href":"http:\/\/desarrollo.grupomedios.com\/futbol\/wp-json\/wp\/v2\/posts"}],"about":[{"href":"http:\/\/desarrollo.grupomedios.com\/futbol\/wp-json\/wp\/v2\/types\/post"}],"author":[{"embeddable":true,"href":"http:\/\/desarrollo.grupomedios.com\/futbol\/wp-json\/wp\/v2\/users\/20"}],"replies":[{"embeddable":true,"href":"http:\/\/desarrollo.grupomedios.com\/futbol\/wp-json\/wp\/v2\/comments?post=486825"}],"version-history":[{"count":1,"href":"http:\/\/desarrollo.grupomedios.com\/futbol\/wp-json\/wp\/v2\/posts\/486825\/revisions"}],"predecessor-version":[{"id":486846,"href":"http:\/\/desarrollo.grupomedios.com\/futbol\/wp-json\/wp\/v2\/posts\/486825\/revisions\/486846"}],"wp:featuredmedia":[{"embeddable":true,"href":"http:\/\/desarrollo.grupomedios.com\/futbol\/wp-json\/wp\/v2\/media\/486845"}],"wp:attachment":[{"href":"http:\/\/desarrollo.grupomedios.com\/futbol\/wp-json\/wp\/v2\/media?parent=486825"}],"wp:term":[{"taxonomy":"category","embeddable":true,"href":"http:\/\/desarrollo.grupomedios.com\/futbol\/wp-json\/wp\/v2\/categories?post=486825"},{"taxonomy":"post_tag","embeddable":true,"href":"http:\/\/desarrollo.grupomedios.com\/futbol\/wp-json\/wp\/v2\/tags?post=486825"}],"curies":[{"name":"wp","href":"https:\/\/api.w.org\/{rel}","templated":true}]}}