{"id":486850,"date":"2017-07-04T15:41:32","date_gmt":"2017-07-04T20:41:32","guid":{"rendered":"https:\/\/www.futboltotal.com.mx\/?p=486850"},"modified":"2017-07-04T15:41:32","modified_gmt":"2017-07-04T20:41:32","slug":"maradona-ensena-otra-forma-tomarse-shot","status":"publish","type":"post","link":"http:\/\/desarrollo.grupomedios.com\/futbol\/cambio-de-juego\/maradona-ensena-otra-forma-tomarse-shot\/2017\/07","title":{"rendered":"Maradona ense\u00f1a otra forma de tomarse un &#8216;shot&#8217;"},"content":{"rendered":"<p>El ex futbolista, <strong>Diego Armando Maradona<\/strong>, quien estuvo presente en la ceremonia de premiaci\u00f3n en la <strong>Copa Confederaciones<\/strong>, apareci\u00f3 en un video donde ense\u00f1a su forma de tomarse un <strong>&#8216;shot&#8217;<\/strong>.<\/p>\n<p style=\"text-align: center;\"><span style=\"color: #333399;\"><a style=\"color: #333399;\" href=\"https:\/\/www.futboltotal.com.mx\/2017\/07\/prensa-ecuador-da-hecho-fichaje-enner-valencia-a-tigres\/\" target=\"_blank\" rel=\"noopener noreferrer\">VER M\u00c1S: Enner Valencia, muy cerca de Tigres<\/a><\/span><\/p>\n<p>El argentino, acompa\u00f1ado de amigos en un avi\u00f3n, fue captado cuando mostr\u00f3 sus habilidades para <strong>tomarse un trago con el codo<\/strong>.<\/p>\n<p>En su breve estancia en<strong> Rusia<\/strong>, <strong>Maradona<\/strong> estuvo acusado <span style=\"color: #333399;\"><a style=\"color: #333399;\" href=\"https:\/\/www.futboltotal.com.mx\/2017\/07\/maradona-acusado-acoso-sexual-en-rusia\/\" target=\"_blank\" rel=\"noopener noreferrer\">por <strong>acoso sexual<\/strong> por parte de una periodista<\/a><\/span>.<\/p>\n<p style=\"text-align: center;\"><span style=\"color: #333399;\"><a style=\"color: #333399;\" href=\"https:\/\/www.futboltotal.com.mx\/2017\/07\/vinculan-a-tecatito-corona-la-roma\/\" target=\"_blank\" rel=\"noopener noreferrer\">VER M\u00c1S: Tecatito Corona suena para llegar a la Roma<\/a><\/span><\/p>\n<p><iframe loading=\"lazy\" src=\"https:\/\/www.youtube.com\/embed\/0J4lXa_4BrY?feature=oembed\" frameborder=\"0\" allowfullscreen><\/iframe><\/p>\n","protected":false},"excerpt":{"rendered":"<p>El ex futbolista argentino fue captado en un video cuando intentaba tomarse un trago sosteniendo el vaso con el codo<\/p>\n","protected":false},"author":20,"featured_media":471331,"comment_status":"closed","ping_status":"closed","sticky":false,"template":"","format":"standard","meta":[],"categories":[5419],"tags":[1580,690,1063],"_links":{"self":[{"href":"http:\/\/desarrollo.grupomedios.com\/futbol\/wp-json\/wp\/v2\/posts\/486850"}],"collection":[{"href":"http:\/\/desarrollo.grupomedios.com\/futbol\/wp-json\/wp\/v2\/posts"}],"about":[{"href":"http:\/\/desarrollo.grupomedios.com\/futbol\/wp-json\/wp\/v2\/types\/post"}],"author":[{"embeddable":true,"href":"http:\/\/desarrollo.grupomedios.com\/futbol\/wp-json\/wp\/v2\/users\/20"}],"replies":[{"embeddable":true,"href":"http:\/\/desarrollo.grupomedios.com\/futbol\/wp-json\/wp\/v2\/comments?post=486850"}],"version-history":[{"count":1,"href":"http:\/\/desarrollo.grupomedios.com\/futbol\/wp-json\/wp\/v2\/posts\/486850\/revisions"}],"predecessor-version":[{"id":486855,"href":"http:\/\/desarrollo.grupomedios.com\/futbol\/wp-json\/wp\/v2\/posts\/486850\/revisions\/486855"}],"wp:featuredmedia":[{"embeddable":true,"href":"http:\/\/desarrollo.grupomedios.com\/futbol\/wp-json\/wp\/v2\/media\/471331"}],"wp:attachment":[{"href":"http:\/\/desarrollo.grupomedios.com\/futbol\/wp-json\/wp\/v2\/media?parent=486850"}],"wp:term":[{"taxonomy":"category","embeddable":true,"href":"http:\/\/desarrollo.grupomedios.com\/futbol\/wp-json\/wp\/v2\/categories?post=486850"},{"taxonomy":"post_tag","embeddable":true,"href":"http:\/\/desarrollo.grupomedios.com\/futbol\/wp-json\/wp\/v2\/tags?post=486850"}],"curies":[{"name":"wp","href":"https:\/\/api.w.org\/{rel}","templated":true}]}}