{"id":486866,"date":"2017-07-04T16:33:27","date_gmt":"2017-07-04T21:33:27","guid":{"rendered":"https:\/\/www.futboltotal.com.mx\/?p=486866"},"modified":"2017-07-04T16:33:27","modified_gmt":"2017-07-04T21:33:27","slug":"pepe-nuevo-jugador-besiktas","status":"publish","type":"post","link":"http:\/\/desarrollo.grupomedios.com\/futbol\/futbol-internacional\/pepe-nuevo-jugador-besiktas\/2017\/07","title":{"rendered":"Pepe es nuevo jugador del Besiktas"},"content":{"rendered":"<p>El aguerrido defensor central de <strong><a href=\"https:\/\/www.futboltotal.com.mx\/2017\/07\/resultados-portugal-2-1-mexico-tercer-lugar-copa-confederaciones\/\" target=\"_blank\" rel=\"noopener noreferrer\"><span style=\"color: #333399;\">Portugal<\/span><\/a>, <a href=\"https:\/\/www.futboltotal.com.mx\/2017\/07\/pepe-dejaria-real-madrid-fichar-besiktas\/\" target=\"_blank\" rel=\"noopener noreferrer\"><span style=\"color: #333399;\">Pepe<\/span><\/a><\/strong>, se convirti\u00f3 en nuevo jugador del <a href=\"https:\/\/www.futboltotal.com.mx\/2017\/04\/uefa-excluye-al-lyon-besiktas-las-proximas-competiciones-europeas\/\" target=\"_blank\" rel=\"noopener noreferrer\"><span style=\"color: #333399;\"><strong>Besiktas<\/strong> <\/span><\/a>de <strong>Turqu\u00eda<\/strong> por las siguientes dos temporadas y 12.5 millones de euros, inform\u00f3 la CNN turca.<\/p>\n<p style=\"text-align: center;\"><a href=\"https:\/\/www.futboltotal.com.mx\/2017\/07\/salcedo-inicia-rehabilitacion-con-eintracht-frankfurt\/\" target=\"_blank\" rel=\"noopener noreferrer\"><span style=\"color: #333399;\">VER M\u00c1S:\u00a0Salcedo inicia rehabilitaci\u00f3n en el Eintracht Frankfurt<\/span><\/a><\/p>\n<p>El exjugador del <a href=\"https:\/\/www.futboltotal.com.mx\/2017\/06\/real-madrid-ficharia-a-delantero-surgido-del-barcelona\/\" target=\"_blank\" rel=\"noopener noreferrer\"><span style=\"color: #333399;\"><strong>Real Madrid<\/strong><\/span><\/a> arrib\u00f3 este martes a <strong>Estambul<\/strong> para estampar su r\u00fabrica con <em>Las \u00c1guilas Negras<\/em>, actual monarca de la Liga Otomana.<\/p>\n<p style=\"text-align: center;\"><a href=\"https:\/\/www.futboltotal.com.mx\/2017\/07\/llego-refuerzo-veracruz-cristian-menendez\/\" target=\"_blank\" rel=\"noopener noreferrer\"><span style=\"color: #333399;\">VER M\u00c1S:\u00a0Lleg\u00f3 a M\u00e9xico Cristian Men\u00e9ndez, refuerzo de Veracruz<\/span><\/a><\/p>\n<p><strong>Pepe<\/strong> fue pieza fundamental en la obtenci\u00f3n del tercer lugar de la selecci\u00f3n lusa en la pasada <a href=\"https:\/\/www.futboltotal.com.mx\/2017\/07\/infantino-no-descarta-que-desaparezca-la-confederaciones\/\" target=\"_blank\" rel=\"noopener noreferrer\"><span style=\"color: #333399;\"><strong>Copa Confederaciones<\/strong><\/span><\/a>, donde se impusieron 2-1 a <a href=\"https:\/\/www.futboltotal.com.mx\/2017\/07\/la-figura-del-mexico-ante-portugal\/\" target=\"_blank\" rel=\"noopener noreferrer\"><span style=\"color: #333399;\"><strong>M\u00e9xico.<\/strong><\/span><\/a><\/p>\n<p>&nbsp;<\/p>\n<blockquote class=\"twitter-tweet\" data-lang=\"es\">\n<p dir=\"ltr\" lang=\"tr\">Kepler Laveran Lima Ferreira\u2019n\u0131n (Pepe) Transferi \u0130\u00e7in G\u00f6r\u00fc\u015fmelere Ba\u015fland\u0131<a href=\"https:\/\/t.co\/PiujJnDYFJ\">https:\/\/t.co\/PiujJnDYFJ<\/a><a href=\"https:\/\/twitter.com\/hashtag\/Be%C5%9Fikta%C5%9F?src=hash\">#Be\u015fikta\u015f<\/a> <a href=\"https:\/\/t.co\/WGztfCL16N\">pic.twitter.com\/WGztfCL16N<\/a><\/p>\n<p>\u2014 Be\u015fikta\u015f JK (@Besiktas) <a href=\"https:\/\/twitter.com\/Besiktas\/status\/882337128079912960\">4 de julio de 2017<\/a><\/p><\/blockquote>\n<p><script async src=\"\/\/platform.twitter.com\/widgets.js\" charset=\"utf-8\"><\/script><\/p>\n","protected":false},"excerpt":{"rendered":"<p>Pepe jugar\u00e1 en Turqu\u00eda con el Besiktas<\/p>\n","protected":false},"author":20,"featured_media":486871,"comment_status":"closed","ping_status":"closed","sticky":false,"template":"","format":"standard","meta":[],"categories":[7740,3839],"tags":[5773,1580,8770,65,715,5988,8853,779],"_links":{"self":[{"href":"http:\/\/desarrollo.grupomedios.com\/futbol\/wp-json\/wp\/v2\/posts\/486866"}],"collection":[{"href":"http:\/\/desarrollo.grupomedios.com\/futbol\/wp-json\/wp\/v2\/posts"}],"about":[{"href":"http:\/\/desarrollo.grupomedios.com\/futbol\/wp-json\/wp\/v2\/types\/post"}],"author":[{"embeddable":true,"href":"http:\/\/desarrollo.grupomedios.com\/futbol\/wp-json\/wp\/v2\/users\/20"}],"replies":[{"embeddable":true,"href":"http:\/\/desarrollo.grupomedios.com\/futbol\/wp-json\/wp\/v2\/comments?post=486866"}],"version-history":[{"count":1,"href":"http:\/\/desarrollo.grupomedios.com\/futbol\/wp-json\/wp\/v2\/posts\/486866\/revisions"}],"predecessor-version":[{"id":486873,"href":"http:\/\/desarrollo.grupomedios.com\/futbol\/wp-json\/wp\/v2\/posts\/486866\/revisions\/486873"}],"wp:featuredmedia":[{"embeddable":true,"href":"http:\/\/desarrollo.grupomedios.com\/futbol\/wp-json\/wp\/v2\/media\/486871"}],"wp:attachment":[{"href":"http:\/\/desarrollo.grupomedios.com\/futbol\/wp-json\/wp\/v2\/media?parent=486866"}],"wp:term":[{"taxonomy":"category","embeddable":true,"href":"http:\/\/desarrollo.grupomedios.com\/futbol\/wp-json\/wp\/v2\/categories?post=486866"},{"taxonomy":"post_tag","embeddable":true,"href":"http:\/\/desarrollo.grupomedios.com\/futbol\/wp-json\/wp\/v2\/tags?post=486866"}],"curies":[{"name":"wp","href":"https:\/\/api.w.org\/{rel}","templated":true}]}}