{"id":486872,"date":"2017-07-04T16:50:09","date_gmt":"2017-07-04T21:50:09","guid":{"rendered":"https:\/\/www.futboltotal.com.mx\/?p=486872"},"modified":"2017-07-04T18:18:15","modified_gmt":"2017-07-04T23:18:15","slug":"jose-luis-higuera-defendio-proceso-juan-carlos-osorio-en-tri","status":"publish","type":"post","link":"http:\/\/desarrollo.grupomedios.com\/futbol\/destacado-home\/jose-luis-higuera-defendio-proceso-juan-carlos-osorio-en-tri\/2017\/07","title":{"rendered":"Jos\u00e9 Luis Higuera defendi\u00f3 el proceso de Juan Carlos Osorio en el TRI"},"content":{"rendered":"<p>El CEO de Grupo Omnilife-Chivas, <strong>Jos\u00e9 Luis Higuera<\/strong>, defendi\u00f3 el proceso del entrenador del TRI, <strong>Juan Carlos Osorio<\/strong>, luego de los resultados obtenidos dentro de la Copa Confederaciones.<\/p>\n<p>Higuera record\u00f3 que la eliminaci\u00f3n de M\u00e9xico fue ante los Campeones del Mundo, por lo que el marcador no fue enga\u00f1oso y pidi\u00f3 darle continuidad al proceso del entrenador colombiano.<\/p>\n<p>&#8220;Lamentablemente jugamos contra la mejor Selecci\u00f3n del mundo; no es un marcador enga\u00f1oso, hay que ser objetivos, perdimos, hay que seguir trabajando. Ganar la Copa Oro y seguir en este proceso, en mi punto de vista no nos est\u00e1n vendiendo espejitos&#8221;, coment\u00f3 el directivo de Chivas para <em>Marca Claro<\/em>.<\/p>\n<p style=\"text-align: center;\"><span style=\"color: #3366ff;\"><a style=\"color: #3366ff;\" href=\"https:\/\/www.futboltotal.com.mx\/2017\/07\/prensa-ecuador-da-hecho-fichaje-enner-valencia-a-tigres\/\">VER M\u00c1S: En Ecuador dan por hecho fichaje de Enner Valencia a Tigres<\/a><\/span><\/p>\n<p>Adem\u00e1s, el directivo habl\u00f3 sobre la continuidad de Osorio al frente del <strong>TRI<\/strong> y asegur\u00f3 que debe darse continuidad para poder alcanzar los objetivos planteados con la Selecci\u00f3n Mexicana, pues los n\u00fameros lo respaldan y compar\u00f3 su trabajo como el que tuvo Chivas, donde despu\u00e9s de malos resultados se alcanz\u00f3 el campeonato.<\/p>\n<p>&#8220;Soy una persona que cree en procesos, en el trabajo. a nosotros nos tom\u00f3 un cierto tiempo llegar a los objetivos. Yo creo que el profesor Osorio va en un camino correcto, el grupo es muy s\u00f3lido; pasa esto y sirve para poder rectificar y no perder el piso&#8221;, coment\u00f3 <strong>Higuera<\/strong>.<\/p>\n<p>&#8220;Para m\u00ed los n\u00fameros son fr\u00edos y creo que el Profe <strong>Osorio<\/strong> es de lo mejor que ha habido en t\u00e9rminos de resultados. Muchos que hoy lo est\u00e1n criticando estuvieron ah\u00ed y no tuvieron los mismos resultados, entonces creo que hay que ser muy objetivos&#8221;, a\u00f1adi\u00f3.<\/p>\n<p style=\"text-align: center;\"><span style=\"color: #3366ff;\"><a style=\"color: #3366ff;\" href=\"https:\/\/www.futboltotal.com.mx\/2017\/07\/vinculan-a-tecatito-corona-la-roma\/\">VER M\u00c1S: Vinculan a Tecatito Corona con la Roma<\/a><\/span><\/p>\n<p>&nbsp;<\/p>\n","protected":false},"excerpt":{"rendered":"<p>Higuera pidi\u00f3 que se le diera continuidad al proceso si se quieren tener resultados.<\/p>\n","protected":false},"author":20,"featured_media":482018,"comment_status":"closed","ping_status":"closed","sticky":false,"template":"","format":"standard","meta":[],"categories":[5,2198,3847],"tags":[7368,6196,64],"_links":{"self":[{"href":"http:\/\/desarrollo.grupomedios.com\/futbol\/wp-json\/wp\/v2\/posts\/486872"}],"collection":[{"href":"http:\/\/desarrollo.grupomedios.com\/futbol\/wp-json\/wp\/v2\/posts"}],"about":[{"href":"http:\/\/desarrollo.grupomedios.com\/futbol\/wp-json\/wp\/v2\/types\/post"}],"author":[{"embeddable":true,"href":"http:\/\/desarrollo.grupomedios.com\/futbol\/wp-json\/wp\/v2\/users\/20"}],"replies":[{"embeddable":true,"href":"http:\/\/desarrollo.grupomedios.com\/futbol\/wp-json\/wp\/v2\/comments?post=486872"}],"version-history":[{"count":1,"href":"http:\/\/desarrollo.grupomedios.com\/futbol\/wp-json\/wp\/v2\/posts\/486872\/revisions"}],"predecessor-version":[{"id":486874,"href":"http:\/\/desarrollo.grupomedios.com\/futbol\/wp-json\/wp\/v2\/posts\/486872\/revisions\/486874"}],"wp:featuredmedia":[{"embeddable":true,"href":"http:\/\/desarrollo.grupomedios.com\/futbol\/wp-json\/wp\/v2\/media\/482018"}],"wp:attachment":[{"href":"http:\/\/desarrollo.grupomedios.com\/futbol\/wp-json\/wp\/v2\/media?parent=486872"}],"wp:term":[{"taxonomy":"category","embeddable":true,"href":"http:\/\/desarrollo.grupomedios.com\/futbol\/wp-json\/wp\/v2\/categories?post=486872"},{"taxonomy":"post_tag","embeddable":true,"href":"http:\/\/desarrollo.grupomedios.com\/futbol\/wp-json\/wp\/v2\/tags?post=486872"}],"curies":[{"name":"wp","href":"https:\/\/api.w.org\/{rel}","templated":true}]}}