{"id":486880,"date":"2017-07-04T18:18:55","date_gmt":"2017-07-04T23:18:55","guid":{"rendered":"https:\/\/www.futboltotal.com.mx\/?p=486880"},"modified":"2017-07-04T18:18:55","modified_gmt":"2017-07-04T23:18:55","slug":"los-10-deportistas-jovenes-mejor-pagados-del-mundo","status":"publish","type":"post","link":"http:\/\/desarrollo.grupomedios.com\/futbol\/no-todo-es-futbol\/los-10-deportistas-jovenes-mejor-pagados-del-mundo\/2017\/07","title":{"rendered":"Los 10 deportistas j\u00f3venes mejor pagados del mundo"},"content":{"rendered":"<p>La revista <em>Forbes<\/em> dio a conocer una lista de los <strong>10 deportistas j\u00f3venes<\/strong> mejor pagados en el \u00faltimo a\u00f1o, donde sobresalen tres futbolistas: el colombiano James Rodr\u00edguez, quien aparece en el listado a pesar de la poca actividad que tuvo en el reciente temporada; el franc\u00e9s Paul Pogba, y el brasile\u00f1o Neymar, quien opaca al resto de los atletas.<\/p>\n<p>Cabe destacar que en el caso de James Rodr\u00edguez, a pesar de no haber tenido mucha actividad en la temporada, con el Real Madrid; sus ganancias obtenidas s\u00ed dieron fruto, principalmente gracias a los patrocinadores con que estableci\u00f3 relaci\u00f3n.<\/p>\n<p style=\"text-align: center;\"><span style=\"color: #3366ff;\"><a style=\"color: #3366ff;\" href=\"https:\/\/www.futboltotal.com.mx\/2017\/07\/embajada-argentina-emite-comunicado-por-comentarios-azzaro\/\" target=\"_blank\" rel=\"noopener noreferrer\"><strong>VER M\u00c1S: Embajada de Argentina reacciona tras comentarios de periodista argentino<\/strong><\/a><\/span><\/p>\n<p>Los deportistas incluidos no rebasan los 25 a\u00f1os, de hecho, los \u00fanicos que tienen esa edad son James Rodr\u00edguez y Neymar, quien lidera la lista.<\/p>\n<p style=\"text-align: center;\"><span style=\"color: #3366ff;\"><a style=\"color: #3366ff;\" href=\"https:\/\/www.futboltotal.com.mx\/2017\/07\/ex-diablo-estaria-llegando-a-la-delantera-del-necaxa\/\" target=\"_blank\" rel=\"noopener noreferrer\"><strong>VER M\u00c1S: El &#8216;portaaviones&#8217; regresar\u00eda a la Liga MX<\/strong><\/a><\/span><\/p>\n<p><a href=\"https:\/\/www.futboltotal.com.mx\/wp-content\/uploads\/2017\/07\/DEPORTISTAS-JOVENES-MEJOR-PAGADOS.jpg\"><img decoding=\"async\" loading=\"lazy\" class=\"alignnone size-full wp-image-486881\" src=\"https:\/\/www.futboltotal.com.mx\/wp-content\/uploads\/2017\/07\/DEPORTISTAS-JOVENES-MEJOR-PAGADOS.jpg\" alt=\"Los 10 deportistas j\u00f3venes mejor pagados del mundo 0\" srcset=\"http:\/\/desarrollo.grupomedios.com\/futbol\/wp-content\/uploads\/2017\/07\/DEPORTISTAS-JOVENES-MEJOR-PAGADOS.jpg 858w, http:\/\/desarrollo.grupomedios.com\/futbol\/wp-content\/uploads\/2017\/07\/DEPORTISTAS-JOVENES-MEJOR-PAGADOS-258x300.jpg 258w, http:\/\/desarrollo.grupomedios.com\/futbol\/wp-content\/uploads\/2017\/07\/DEPORTISTAS-JOVENES-MEJOR-PAGADOS-768x894.jpg 768w\" sizes=\"(max-width: 858px) 100vw, 858px\" \/><\/a><\/p>\n<p style=\"text-align: center;\"><span style=\"color: #3366ff;\"><a style=\"color: #3366ff;\" href=\"https:\/\/www.futboltotal.com.mx\/2017\/07\/xolos-anuncia-fichaje-argentino\/\" target=\"_blank\" rel=\"noopener noreferrer\"><strong>VER M\u00c1S: Xolos da la bienvenida a nuevo refuerzo<\/strong><\/a><\/span><\/p>\n","protected":false},"excerpt":{"rendered":"<p>Forbes comparte listado de los m\u00e1s acaudalados del deporte, tres son futbolistas.<\/p>\n","protected":false},"author":20,"featured_media":486882,"comment_status":"closed","ping_status":"closed","sticky":false,"template":"","format":"standard","meta":[],"categories":[5814,5419,5418,6411],"tags":[5771,5461],"_links":{"self":[{"href":"http:\/\/desarrollo.grupomedios.com\/futbol\/wp-json\/wp\/v2\/posts\/486880"}],"collection":[{"href":"http:\/\/desarrollo.grupomedios.com\/futbol\/wp-json\/wp\/v2\/posts"}],"about":[{"href":"http:\/\/desarrollo.grupomedios.com\/futbol\/wp-json\/wp\/v2\/types\/post"}],"author":[{"embeddable":true,"href":"http:\/\/desarrollo.grupomedios.com\/futbol\/wp-json\/wp\/v2\/users\/20"}],"replies":[{"embeddable":true,"href":"http:\/\/desarrollo.grupomedios.com\/futbol\/wp-json\/wp\/v2\/comments?post=486880"}],"version-history":[{"count":1,"href":"http:\/\/desarrollo.grupomedios.com\/futbol\/wp-json\/wp\/v2\/posts\/486880\/revisions"}],"predecessor-version":[{"id":486883,"href":"http:\/\/desarrollo.grupomedios.com\/futbol\/wp-json\/wp\/v2\/posts\/486880\/revisions\/486883"}],"wp:featuredmedia":[{"embeddable":true,"href":"http:\/\/desarrollo.grupomedios.com\/futbol\/wp-json\/wp\/v2\/media\/486882"}],"wp:attachment":[{"href":"http:\/\/desarrollo.grupomedios.com\/futbol\/wp-json\/wp\/v2\/media?parent=486880"}],"wp:term":[{"taxonomy":"category","embeddable":true,"href":"http:\/\/desarrollo.grupomedios.com\/futbol\/wp-json\/wp\/v2\/categories?post=486880"},{"taxonomy":"post_tag","embeddable":true,"href":"http:\/\/desarrollo.grupomedios.com\/futbol\/wp-json\/wp\/v2\/tags?post=486880"}],"curies":[{"name":"wp","href":"https:\/\/api.w.org\/{rel}","templated":true}]}}