{"id":486884,"date":"2017-07-04T19:35:14","date_gmt":"2017-07-05T00:35:14","guid":{"rendered":"https:\/\/www.futboltotal.com.mx\/?p=486884"},"modified":"2017-07-04T19:35:14","modified_gmt":"2017-07-05T00:35:14","slug":"seleccion-mexicana-la-beneficiada-var-en-confederaciones","status":"publish","type":"post","link":"http:\/\/desarrollo.grupomedios.com\/futbol\/futbol-mexicano\/seleccion-mexicana-la-beneficiada-var-en-confederaciones\/2017\/07","title":{"rendered":"Selecci\u00f3n Mexicana, la m\u00e1s beneficiada por el VAR en Confederaciones"},"content":{"rendered":"<p>La <strong>Selecci\u00f3n Mexicana<\/strong> que compiti\u00f3 en la <strong>Copa Confederaciones<\/strong>, ya rompi\u00f3 filas, pues algunos elementos ya est\u00e1n en su pa\u00eds, para reportar con sus clubes o ver el papeleo que necesitan hacer para el cambio de equipo; otros ya inician vacaciones.<\/p>\n<p>Pero aunque la <strong>Copa Confederaciones<\/strong> ya termin\u00f3, la <strong>Selecci\u00f3n Mexicana<\/strong> dej\u00f3 una marca, pues fue la que m\u00e1s hizo trabajar a la nueva ayuda del arbitraje, el VAR, al ser el combinado que aparece en m\u00e1s jugadas analizadas por el recurso tecnol\u00f3gico.<\/p>\n<p style=\"text-align: center;\"><span style=\"color: #3366ff;\"><a style=\"color: #3366ff;\" href=\"https:\/\/www.futboltotal.com.mx\/2017\/07\/embajada-argentina-emite-comunicado-por-comentarios-azzaro\/\" target=\"_blank\" rel=\"noopener noreferrer\"><strong>VER M\u00c1S: Embajada de Argentina reacciona tras pol\u00e9micos comentarios de periodista contra M\u00e9xico<\/strong><\/a><\/span><\/p>\n<p>M\u00e9xico fue la selecci\u00f3n m\u00e1s beneficiada de la <strong>Copa Confederaciones<\/strong> por el Video Arbitraje, pero tambi\u00e9n fue la m\u00e1s perjudicada, con un total de cinco jugadas en las que se afect\u00f3 al cuadro <em>tricolor<\/em>, despu\u00e9s de las revisiones. Cabe destacar, que las acciones en que intervino el VAR, incluyen amonestaciones, como en el juego ante Nueva Zelanda.<\/p>\n<p style=\"text-align: center;\"><span style=\"color: #3366ff;\"><a style=\"color: #3366ff;\" href=\"https:\/\/www.futboltotal.com.mx\/2017\/07\/hirving-lozano-ya-dorsal-psv\/\" target=\"_blank\" rel=\"noopener noreferrer\"><strong>VER M\u00c1S: Hirving Lozano ya tiene dorsal con el PSV<\/strong><\/a><\/span><\/p>\n<p><a href=\"https:\/\/www.futboltotal.com.mx\/wp-content\/uploads\/2017\/07\/intervenciones-del-var-en-copa-confederaciones.jpg\"><img decoding=\"async\" loading=\"lazy\" class=\"alignnone size-full wp-image-486885\" src=\"https:\/\/www.futboltotal.com.mx\/wp-content\/uploads\/2017\/07\/intervenciones-del-var-en-copa-confederaciones.jpg\" alt=\"Selecci\u00f3n Mexicana, la m\u00e1s beneficiada por el VAR en Confederaciones 0\" srcset=\"http:\/\/desarrollo.grupomedios.com\/futbol\/wp-content\/uploads\/2017\/07\/intervenciones-del-var-en-copa-confederaciones.jpg 858w, http:\/\/desarrollo.grupomedios.com\/futbol\/wp-content\/uploads\/2017\/07\/intervenciones-del-var-en-copa-confederaciones-258x300.jpg 258w, http:\/\/desarrollo.grupomedios.com\/futbol\/wp-content\/uploads\/2017\/07\/intervenciones-del-var-en-copa-confederaciones-768x894.jpg 768w\" sizes=\"(max-width: 858px) 100vw, 858px\" \/><\/a><\/p>\n<p style=\"text-align: center;\"><span style=\"color: #3366ff;\"><a style=\"color: #3366ff;\" href=\"https:\/\/www.futboltotal.com.mx\/2017\/07\/necaxa-pone-a-la-venta-nuevo-uniforme\/\" target=\"_blank\" rel=\"noopener noreferrer\"><strong>VER M\u00c1S: Necaxa pone a la venta nuevo jersey<\/strong><\/a><\/span><\/p>\n","protected":false},"excerpt":{"rendered":"<p>El Tri fue el combinado que m\u00e1s hizo trabajar al arbitraje en tecnolog\u00eda.<\/p>\n","protected":false},"author":20,"featured_media":486886,"comment_status":"closed","ping_status":"closed","sticky":false,"template":"","format":"standard","meta":[],"categories":[3868,3839,2198,3847],"tags":[1580,142],"_links":{"self":[{"href":"http:\/\/desarrollo.grupomedios.com\/futbol\/wp-json\/wp\/v2\/posts\/486884"}],"collection":[{"href":"http:\/\/desarrollo.grupomedios.com\/futbol\/wp-json\/wp\/v2\/posts"}],"about":[{"href":"http:\/\/desarrollo.grupomedios.com\/futbol\/wp-json\/wp\/v2\/types\/post"}],"author":[{"embeddable":true,"href":"http:\/\/desarrollo.grupomedios.com\/futbol\/wp-json\/wp\/v2\/users\/20"}],"replies":[{"embeddable":true,"href":"http:\/\/desarrollo.grupomedios.com\/futbol\/wp-json\/wp\/v2\/comments?post=486884"}],"version-history":[{"count":1,"href":"http:\/\/desarrollo.grupomedios.com\/futbol\/wp-json\/wp\/v2\/posts\/486884\/revisions"}],"predecessor-version":[{"id":486887,"href":"http:\/\/desarrollo.grupomedios.com\/futbol\/wp-json\/wp\/v2\/posts\/486884\/revisions\/486887"}],"wp:featuredmedia":[{"embeddable":true,"href":"http:\/\/desarrollo.grupomedios.com\/futbol\/wp-json\/wp\/v2\/media\/486886"}],"wp:attachment":[{"href":"http:\/\/desarrollo.grupomedios.com\/futbol\/wp-json\/wp\/v2\/media?parent=486884"}],"wp:term":[{"taxonomy":"category","embeddable":true,"href":"http:\/\/desarrollo.grupomedios.com\/futbol\/wp-json\/wp\/v2\/categories?post=486884"},{"taxonomy":"post_tag","embeddable":true,"href":"http:\/\/desarrollo.grupomedios.com\/futbol\/wp-json\/wp\/v2\/tags?post=486884"}],"curies":[{"name":"wp","href":"https:\/\/api.w.org\/{rel}","templated":true}]}}