{"id":486889,"date":"2017-07-04T20:04:28","date_gmt":"2017-07-05T01:04:28","guid":{"rendered":"https:\/\/www.futboltotal.com.mx\/?p=486889"},"modified":"2017-07-04T20:04:28","modified_gmt":"2017-07-05T01:04:28","slug":"pollo-briseno-advierte-mexicano-llegaria-a-portugal","status":"publish","type":"post","link":"http:\/\/desarrollo.grupomedios.com\/futbol\/futbol-mexicano\/pollo-briseno-advierte-mexicano-llegaria-a-portugal\/2017\/07","title":{"rendered":"Pollo Brise\u00f1o advierte que otro mexicano llegar\u00eda a Portugal"},"content":{"rendered":"<p>El defensa mexicano, <strong>Antonio Brise\u00f1o<\/strong>, se siente dichoso de poder cumplir su sue\u00f1o europeo y convertirse en el s\u00e9ptimo futbolista <em>azteca<\/em> en llegar al balompi\u00e9 portugu\u00e9s; pero ve con tristeza que haya pocas oportunidades en la Liga MX.<\/p>\n<p>\u201cAl haber tanto cupo de extranjero condiciona al futbolista mexicano porque hay una desventaja, los extranjeros se pueden comprar hasta el 5 de septiembre, el mexicano solo tiene un d\u00eda. Yo no me fui de M\u00e9xico por la cantidad de extranjeros, pero s\u00ed condicionan&#8221;, explic\u00f3 el <strong>Pollo Brise\u00f1o<\/strong> en entrevista con ESPN.<\/p>\n<p style=\"text-align: center;\"><span style=\"color: #3366ff;\"><a style=\"color: #3366ff;\" href=\"https:\/\/www.futboltotal.com.mx\/2017\/07\/seleccion-mexicana-la-beneficiada-var-en-confederaciones\/\" target=\"_blank\" rel=\"noopener noreferrer\"><strong>VER M\u00c1S: Tri, la selecci\u00f3n m\u00e1s beneficiada por el VAR<\/strong><\/a><\/span><\/p>\n<p>El defensa afirma que en Portugal le han dado m\u00e1s importancia a los mexicanos, por ello comienzan a ser fichados con m\u00e1s frecuencia, como es su caso y el de Joao Maleck Robles, que jugar\u00e1 con Porto B. Por tanto, <strong>Antonio Brise\u00f1o<\/strong> cree que la liga lusa seguir\u00e1 nutri\u00e9ndose de jugadores <em>aztecas<\/em>.<\/p>\n<p>\u201cEl futbol portugu\u00e9s le ha dado la oportunidad a futbolistas mexicanos, ya lo ven de diferente manera, no voy a ser el \u00faltimo mexicano que va llegar. El jugador mexicano tiene mucha calidad, es capaz de competir en cualquier parte del mundo. Si se le da una oportunidad de triunfar, vamos a ser potencia en el mundo\u201d, sentenci\u00f3 el <em>Pollo<\/em>.<\/p>\n<p style=\"text-align: center;\"><span style=\"color: #3366ff;\"><a style=\"color: #3366ff;\" href=\"https:\/\/www.futboltotal.com.mx\/2017\/07\/embajada-argentina-emite-comunicado-por-comentarios-azzaro\/\" target=\"_blank\" rel=\"noopener noreferrer\"><strong>VER M\u00c1S: Embajada de Argentina reacciona tras comentarios de periodista<\/strong> <\/a><\/span><\/p>\n","protected":false},"excerpt":{"rendered":"<p>El zaguero se\u00f1ala que el pa\u00eds ib\u00e9rico da m\u00e1s oportunidades que la Liga MX.<\/p>\n","protected":false},"author":20,"featured_media":486890,"comment_status":"closed","ping_status":"closed","sticky":false,"template":"","format":"standard","meta":[],"categories":[7740,3839,2198,3845,6718],"tags":[6214,4545],"_links":{"self":[{"href":"http:\/\/desarrollo.grupomedios.com\/futbol\/wp-json\/wp\/v2\/posts\/486889"}],"collection":[{"href":"http:\/\/desarrollo.grupomedios.com\/futbol\/wp-json\/wp\/v2\/posts"}],"about":[{"href":"http:\/\/desarrollo.grupomedios.com\/futbol\/wp-json\/wp\/v2\/types\/post"}],"author":[{"embeddable":true,"href":"http:\/\/desarrollo.grupomedios.com\/futbol\/wp-json\/wp\/v2\/users\/20"}],"replies":[{"embeddable":true,"href":"http:\/\/desarrollo.grupomedios.com\/futbol\/wp-json\/wp\/v2\/comments?post=486889"}],"version-history":[{"count":1,"href":"http:\/\/desarrollo.grupomedios.com\/futbol\/wp-json\/wp\/v2\/posts\/486889\/revisions"}],"predecessor-version":[{"id":486891,"href":"http:\/\/desarrollo.grupomedios.com\/futbol\/wp-json\/wp\/v2\/posts\/486889\/revisions\/486891"}],"wp:featuredmedia":[{"embeddable":true,"href":"http:\/\/desarrollo.grupomedios.com\/futbol\/wp-json\/wp\/v2\/media\/486890"}],"wp:attachment":[{"href":"http:\/\/desarrollo.grupomedios.com\/futbol\/wp-json\/wp\/v2\/media?parent=486889"}],"wp:term":[{"taxonomy":"category","embeddable":true,"href":"http:\/\/desarrollo.grupomedios.com\/futbol\/wp-json\/wp\/v2\/categories?post=486889"},{"taxonomy":"post_tag","embeddable":true,"href":"http:\/\/desarrollo.grupomedios.com\/futbol\/wp-json\/wp\/v2\/tags?post=486889"}],"curies":[{"name":"wp","href":"https:\/\/api.w.org\/{rel}","templated":true}]}}