{"id":486920,"date":"2017-07-05T09:47:13","date_gmt":"2017-07-05T14:47:13","guid":{"rendered":"https:\/\/www.futboltotal.com.mx\/?p=486920"},"modified":"2017-07-05T09:52:54","modified_gmt":"2017-07-05T14:52:54","slug":"raul-jimenez-se-acerca-a-la-premier-league","status":"publish","type":"post","link":"http:\/\/desarrollo.grupomedios.com\/futbol\/destacado-home\/raul-jimenez-se-acerca-a-la-premier-league\/2017\/07","title":{"rendered":"Ra\u00fal Jim\u00e9nez se acerca a la Premier League"},"content":{"rendered":"<p>Ha comenzado a circular informaci\u00f3n sobre el inter\u00e9s del <strong>Everton<\/strong> de <strong>Ronald Koeman<\/strong>\u00a0por el delantero mexicano, <strong>Ra\u00fal Jim\u00e9nez<\/strong>.<\/p>\n<p>De acuerdo con el <em>diario Record<\/em> de Portugal, el conjunto de la <strong>Premier League<\/strong> ya habr\u00eda hecho una oferta por\u00a0<strong>45 millones de euros<\/strong> para comprar la ficha del delantero del\u00a0mexicano.<\/p>\n<p style=\"text-align: center;\"><span style=\"color: #333399;\"><a style=\"color: #333399;\" href=\"https:\/\/www.futboltotal.com.mx\/2017\/07\/fanatica-se-tatua-cuerpo-en-honor-a-jose-mourinho\/\" target=\"_blank\" rel=\"noopener noreferrer\">VER M\u00c1S: Fan\u00e1tica se tat\u00faa todo el cuerpo en honor a Mourinho<\/a><\/span><\/p>\n<p>Sin embargo, el <strong>Benfica<\/strong> espera recibir hasta <strong>50 millones de euros<\/strong> por \u00a0<strong>Jim\u00e9nez<\/strong> y habr\u00edan rechazado esta propuesta inicial por parte del <strong>Everton<\/strong>.<\/p>\n<p>Sobre un posible salida del club, <strong>Jim\u00e9nez<\/strong> indic\u00f3 que sigue pensando en permanecer en Portugal.<\/p>\n<blockquote><p>\u201cLa <strong>Premier League<\/strong> es una gran liga, no me cierro las puertas a nada y veremos m\u00e1s adelante. Sigo con <strong>Benfica<\/strong>. Ahora vienen unas buenas vacaciones y luego regresaremos con todo\u201d.<\/p><\/blockquote>\n<p style=\"text-align: center;\"><span style=\"color: #333399;\"><a style=\"color: #333399;\" href=\"https:\/\/www.futboltotal.com.mx\/2017\/07\/11-infame-la-copa-confederaciones\/\" target=\"_blank\" rel=\"noopener noreferrer\">VER M\u00c1S: El 11 infame de la Copa Confederaciones<\/a><\/span><\/p>\n<p>&nbsp;<\/p>\n","protected":false},"excerpt":{"rendered":"<p>El delantero mexicano podr\u00eda dejar al Benfica de Portugal para llegar al futbol de Inglaterra<\/p>\n","protected":false},"author":20,"featured_media":486926,"comment_status":"closed","ping_status":"closed","sticky":false,"template":"","format":"standard","meta":[],"categories":[5,7740,3839],"tags":[6060,219,603,334,742],"_links":{"self":[{"href":"http:\/\/desarrollo.grupomedios.com\/futbol\/wp-json\/wp\/v2\/posts\/486920"}],"collection":[{"href":"http:\/\/desarrollo.grupomedios.com\/futbol\/wp-json\/wp\/v2\/posts"}],"about":[{"href":"http:\/\/desarrollo.grupomedios.com\/futbol\/wp-json\/wp\/v2\/types\/post"}],"author":[{"embeddable":true,"href":"http:\/\/desarrollo.grupomedios.com\/futbol\/wp-json\/wp\/v2\/users\/20"}],"replies":[{"embeddable":true,"href":"http:\/\/desarrollo.grupomedios.com\/futbol\/wp-json\/wp\/v2\/comments?post=486920"}],"version-history":[{"count":1,"href":"http:\/\/desarrollo.grupomedios.com\/futbol\/wp-json\/wp\/v2\/posts\/486920\/revisions"}],"predecessor-version":[{"id":486922,"href":"http:\/\/desarrollo.grupomedios.com\/futbol\/wp-json\/wp\/v2\/posts\/486920\/revisions\/486922"}],"wp:featuredmedia":[{"embeddable":true,"href":"http:\/\/desarrollo.grupomedios.com\/futbol\/wp-json\/wp\/v2\/media\/486926"}],"wp:attachment":[{"href":"http:\/\/desarrollo.grupomedios.com\/futbol\/wp-json\/wp\/v2\/media?parent=486920"}],"wp:term":[{"taxonomy":"category","embeddable":true,"href":"http:\/\/desarrollo.grupomedios.com\/futbol\/wp-json\/wp\/v2\/categories?post=486920"},{"taxonomy":"post_tag","embeddable":true,"href":"http:\/\/desarrollo.grupomedios.com\/futbol\/wp-json\/wp\/v2\/tags?post=486920"}],"curies":[{"name":"wp","href":"https:\/\/api.w.org\/{rel}","templated":true}]}}