{"id":486928,"date":"2017-07-05T10:12:32","date_gmt":"2017-07-05T15:12:32","guid":{"rendered":"https:\/\/www.futboltotal.com.mx\/?p=486928"},"modified":"2017-07-05T10:12:32","modified_gmt":"2017-07-05T15:12:32","slug":"tigres-quiere-a-otra-estrella-la-seleccion-chilena","status":"publish","type":"post","link":"http:\/\/desarrollo.grupomedios.com\/futbol\/futbol-mexicano\/tigres-quiere-a-otra-estrella-la-seleccion-chilena\/2017\/07","title":{"rendered":"Tigres quiere a otra estrella de la selecci\u00f3n chilena"},"content":{"rendered":"<p>El cuadro de <strong>Tigres<\/strong> estar\u00eda en la b\u00fasqueda del defensa chileno, <strong>Gary Medel<\/strong>, luego de su destacada participaci\u00f3n en la <strong>Copa Confederaciones<\/strong>.<\/p>\n<p>El periodista\u00a0<strong>Mart\u00edn Costa<\/strong> de\u00a0la cadena <em>Continental\u00a0<\/em>de Argentina, indic\u00f3 que <strong>Medel<\/strong> tiene una oferta oficial de <strong>Tigres<\/strong>; sin embargo, el defensa tambi\u00e9n tiene una propuesta de\u00a0<strong>Boca Juniors<\/strong>.<\/p>\n<p style=\"text-align: center;\"><span style=\"color: #333399;\"><a style=\"color: #333399;\" href=\"https:\/\/www.futboltotal.com.mx\/2017\/07\/milan-pagaria-millonada-al-porto-tecatito-corona\/\" target=\"_blank\" rel=\"noopener noreferrer\">VER M\u00c1S: AC Milan pagar\u00eda millonada por Tecatito Corona<\/a><\/span><\/p>\n<div class=\"jw-ad jw-ad-visible\"><strong>Boca Juniors<\/strong> ya habr\u00eda mandado su propuesta al jugador, sin embargo, esta ser\u00eda menor a la hecha por <strong>Tigres<\/strong>. <strong>Medel<\/strong> analizar\u00eda las ofertas entre hoy y ma\u00f1ana.<\/div>\n<div class=\"jw-ad jw-ad-visible\"><\/div>\n<div class=\"jw-ad jw-ad-visible\">Tigres quiere al chileno en vaso que salgan\u00a0<strong>J\u00fcrgen Damm<\/strong> o <strong>Javier Aquino<\/strong>, quienes suenan en Europa.<\/div>\n<div class=\"jw-ad jw-ad-visible\"><\/div>\n<div class=\"jw-ad jw-ad-visible\" style=\"text-align: center;\"><span style=\"color: #333399;\"><a style=\"color: #333399;\" href=\"https:\/\/www.futboltotal.com.mx\/2017\/07\/raul-jimenez-se-acerca-a-la-premier-league\/\" target=\"_blank\" rel=\"noopener noreferrer\">VER M\u00c1S: Ra\u00fal Jim\u00e9nez se acerca a la Premier League<\/a><\/span><\/div>\n<div id=\"banner-global-post_parrafo\" class=\"pro-banner\"><\/div>\n<div class=\"jw-ad jw-ad-visible\"><\/div>\n<div class=\"jw-ad jw-ad-visible\"><\/div>\n<div class=\"jw-ad jw-ad-visible\"><\/div>\n","protected":false},"excerpt":{"rendered":"<p>El conjunto felino buscar\u00e1 reforzarse pues espera que uno de sus futbolistas vaya a jugar a Europa<\/p>\n","protected":false},"author":20,"featured_media":486932,"comment_status":"closed","ping_status":"closed","sticky":false,"template":"","format":"standard","meta":[],"categories":[7740,2198,3845],"tags":[1683,406,9260,5973],"_links":{"self":[{"href":"http:\/\/desarrollo.grupomedios.com\/futbol\/wp-json\/wp\/v2\/posts\/486928"}],"collection":[{"href":"http:\/\/desarrollo.grupomedios.com\/futbol\/wp-json\/wp\/v2\/posts"}],"about":[{"href":"http:\/\/desarrollo.grupomedios.com\/futbol\/wp-json\/wp\/v2\/types\/post"}],"author":[{"embeddable":true,"href":"http:\/\/desarrollo.grupomedios.com\/futbol\/wp-json\/wp\/v2\/users\/20"}],"replies":[{"embeddable":true,"href":"http:\/\/desarrollo.grupomedios.com\/futbol\/wp-json\/wp\/v2\/comments?post=486928"}],"version-history":[{"count":1,"href":"http:\/\/desarrollo.grupomedios.com\/futbol\/wp-json\/wp\/v2\/posts\/486928\/revisions"}],"predecessor-version":[{"id":486933,"href":"http:\/\/desarrollo.grupomedios.com\/futbol\/wp-json\/wp\/v2\/posts\/486928\/revisions\/486933"}],"wp:featuredmedia":[{"embeddable":true,"href":"http:\/\/desarrollo.grupomedios.com\/futbol\/wp-json\/wp\/v2\/media\/486932"}],"wp:attachment":[{"href":"http:\/\/desarrollo.grupomedios.com\/futbol\/wp-json\/wp\/v2\/media?parent=486928"}],"wp:term":[{"taxonomy":"category","embeddable":true,"href":"http:\/\/desarrollo.grupomedios.com\/futbol\/wp-json\/wp\/v2\/categories?post=486928"},{"taxonomy":"post_tag","embeddable":true,"href":"http:\/\/desarrollo.grupomedios.com\/futbol\/wp-json\/wp\/v2\/tags?post=486928"}],"curies":[{"name":"wp","href":"https:\/\/api.w.org\/{rel}","templated":true}]}}