{"id":486931,"date":"2017-07-05T10:26:54","date_gmt":"2017-07-05T15:26:54","guid":{"rendered":"https:\/\/www.futboltotal.com.mx\/?p=486931"},"modified":"2017-07-05T10:26:54","modified_gmt":"2017-07-05T15:26:54","slug":"mateus-no-jugara-en-america-no-logra-fichaje-bomba","status":"publish","type":"post","link":"http:\/\/desarrollo.grupomedios.com\/futbol\/destacado-home\/mateus-no-jugara-en-america-no-logra-fichaje-bomba\/2017\/07","title":{"rendered":"Mateus no llegar\u00e1 al Am\u00e9rica, que no logra su fichaje &#8216;bomba&#8217;"},"content":{"rendered":"<p>La aparente &#8216;bomba&#8217; que soltar\u00eda <strong>Am\u00e9rica<\/strong> en el presente mercado de fichajes no suceder\u00e1. Al menos todo indica que el colombiano <strong>Mateus Uribe<\/strong> no fichar\u00e1 por las <em><strong>\u00c1guilas<\/strong><\/em> debido a que el club mexicano no alcanz\u00f3 la cifra que pretende recibir el <strong>Atl\u00e9tico Nacional<\/strong>.<\/p>\n<p><strong>Mateus<\/strong>, quien luce como el capricho del t\u00e9cnico <strong>Miguel Herrera<\/strong> para reforzar el mediocampo azulcrema, s\u00f3lo saldr\u00eda del equipo verdolaga si pagan su cl\u00e1usula de rescisi\u00f3n, la cual oscila entre los 6 y 7 millones de d\u00f3lares, adem\u00e1s de que los directivos colombianos aseguran que no est\u00e1 en sus planes vender a <strong>Uribe<\/strong>.<\/p>\n<p style=\"text-align: center;\"><a href=\"https:\/\/www.futboltotal.com.mx\/2017\/07\/barcelona-anuncia-que-messi-renueva-hasta-2021\/\" target=\"_blank\" rel=\"noopener noreferrer\"><span style=\"color: #333399;\">VER M\u00c1S: \u00a1Barcelona anuncia que Messi ser\u00e1 blaugrana hasta 2021!<\/span><\/a><\/p>\n<p>&#8220;Hoy el mercado internacional ha hecho propuestas sobre los dos jugadores, Andres Ibarg\u00fcen y <strong>Mateus Uribe<\/strong>. No llenan, digamos las expectativas del club, que les aclaro que desde presidencia y junta directiva no estamos vendiendo los jugadores. Dentro de las dos propuestas la m\u00e1s cercana es la de Ibarg\u00fcen, es decir, la que uno podr\u00eda decir que esta m\u00e1s ajustada a la realidad&#8221;, declar\u00f3\u00a0V\u00edctor Marulanda, gerente de planeaci\u00f3n del Atl\u00e9tico Nacional.<\/p>\n<p>Adem\u00e1s, el directivo del club cafetero mostr\u00f3 la protesta\u00a0por parte de <strong>Mateus<\/strong> al no asistir a entrenamientos del <strong>Atl\u00e9tico Nacional<\/strong> para ejercer presi\u00f3n al equipo con el objetivo de que lo dejen partir al <strong>Am\u00e9rica.<\/strong><\/p>\n<p style=\"text-align: center;\"><a href=\"https:\/\/www.futboltotal.com.mx\/2017\/07\/milan-pagaria-millonada-al-porto-tecatito-corona\/\" target=\"_blank\" rel=\"noopener noreferrer\"><span style=\"color: #333399;\">VER M\u00c1S: Milan pagar\u00eda millonada al Porto por el Tecatito Corona<\/span><\/a><\/p>\n<p>&#8220;La actitud y lo que hizo <strong>Mateus<\/strong> es completamente reprochable. Ma\u00f1ana nos vamos a reunir con <strong>Uribe<\/strong> para que aclare por qu\u00e9 falt\u00f3 a los entrenamientos de la semana pasada&#8221;, agreg\u00f3 Marulanda.<\/p>\n<p>De este modo, el <strong>Am\u00e9rica<\/strong> estar\u00eda cerca de quedarse una vez m\u00e1s sin un fichaje &#8216;bomba&#8217;, como resultado de la pol\u00edtica de austeridad que vive <strong>Grupo Televisa<\/strong>, propietario de las <em><strong>\u00c1guilas<\/strong><\/em>.<\/p>\n<p style=\"text-align: center;\"><a href=\"https:\/\/www.futboltotal.com.mx\/2017\/07\/raul-jimenez-se-acerca-a-la-premier-league\/\" target=\"_blank\" rel=\"noopener noreferrer\"><span style=\"color: #333399;\">VER M\u00c1S: Ra\u00fal Jim\u00e9nez se acerca a la Premier League<\/span><\/a><\/p>\n","protected":false},"excerpt":{"rendered":"<p>Los problemas econ\u00f3micos que viven las \u00c1guilas complican llegada de refuerzos.<\/p>\n","protected":false},"author":20,"featured_media":485922,"comment_status":"closed","ping_status":"closed","sticky":false,"template":"","format":"standard","meta":[],"categories":[5,7740,2198,3845],"tags":[1585,5959,2075,64,9184],"_links":{"self":[{"href":"http:\/\/desarrollo.grupomedios.com\/futbol\/wp-json\/wp\/v2\/posts\/486931"}],"collection":[{"href":"http:\/\/desarrollo.grupomedios.com\/futbol\/wp-json\/wp\/v2\/posts"}],"about":[{"href":"http:\/\/desarrollo.grupomedios.com\/futbol\/wp-json\/wp\/v2\/types\/post"}],"author":[{"embeddable":true,"href":"http:\/\/desarrollo.grupomedios.com\/futbol\/wp-json\/wp\/v2\/users\/20"}],"replies":[{"embeddable":true,"href":"http:\/\/desarrollo.grupomedios.com\/futbol\/wp-json\/wp\/v2\/comments?post=486931"}],"version-history":[{"count":1,"href":"http:\/\/desarrollo.grupomedios.com\/futbol\/wp-json\/wp\/v2\/posts\/486931\/revisions"}],"predecessor-version":[{"id":486935,"href":"http:\/\/desarrollo.grupomedios.com\/futbol\/wp-json\/wp\/v2\/posts\/486931\/revisions\/486935"}],"wp:featuredmedia":[{"embeddable":true,"href":"http:\/\/desarrollo.grupomedios.com\/futbol\/wp-json\/wp\/v2\/media\/485922"}],"wp:attachment":[{"href":"http:\/\/desarrollo.grupomedios.com\/futbol\/wp-json\/wp\/v2\/media?parent=486931"}],"wp:term":[{"taxonomy":"category","embeddable":true,"href":"http:\/\/desarrollo.grupomedios.com\/futbol\/wp-json\/wp\/v2\/categories?post=486931"},{"taxonomy":"post_tag","embeddable":true,"href":"http:\/\/desarrollo.grupomedios.com\/futbol\/wp-json\/wp\/v2\/tags?post=486931"}],"curies":[{"name":"wp","href":"https:\/\/api.w.org\/{rel}","templated":true}]}}