{"id":486939,"date":"2017-07-05T11:25:20","date_gmt":"2017-07-05T16:25:20","guid":{"rendered":"https:\/\/www.futboltotal.com.mx\/?p=486939"},"modified":"2017-07-05T11:25:20","modified_gmt":"2017-07-05T16:25:20","slug":"falta-ofertas-america-se-quedaria-darwin-quintero","status":"publish","type":"post","link":"http:\/\/desarrollo.grupomedios.com\/futbol\/futbol-internacional\/falta-ofertas-america-se-quedaria-darwin-quintero\/2017\/07","title":{"rendered":"Por falta de ofertas, Am\u00e9rica se quedar\u00eda con Darwin Quintero"},"content":{"rendered":"<p>El <strong>Am\u00e9rica<\/strong> se sigue preparando para el Apertura 2017 y sigue a la b\u00fasqueda de refuerzos para mejorar su plantilla, aunque uno de ellos podr\u00eda estar dentro de su misma plantilla.<\/p>\n<p>El motivo es porque el colombiano <strong>Darwin Quintero<\/strong>, no ha recibido ofertas para salir de las \u00c1guilas y las que ha tenido, no llenan las expectativas de la directiva debido al tema econ\u00f3mico.<\/p>\n<p style=\"text-align: center;\"><span style=\"color: #3366ff;\"><a style=\"color: #3366ff;\" href=\"https:\/\/www.futboltotal.com.mx\/2017\/07\/raul-jimenez-se-acerca-a-la-premier-league\/\">VER M\u00c1S: Ra\u00fal Jim\u00e9nez se acerca a la Premier League<\/a><\/span><\/p>\n<p>Seg\u00fan revela la columna de <em>El Francotirador<\/em> de <em>R\u00e9cord<\/em>, Miguel Herrera tomar\u00eda la misma decisi\u00f3n que en su momento tuvo Ricardo La Volpe y Darwin estar\u00eda jugando otra temporada m\u00e1s con el <strong>Am\u00e9rica<\/strong>.<\/p>\n<p>Es por ello que el <em>Piojo<\/em> decidi\u00f3 llevar a <strong>Quintero<\/strong> a la pretemporada por Estados Unidos y seguir\u00e1 a la espera de otro refuerzo m\u00e1s ante la <span style=\"color: #3366ff;\"><a style=\"color: #3366ff;\" href=\"https:\/\/www.futboltotal.com.mx\/2017\/07\/miguel-herrera-confirma-goltz-dejara-al-america\/\" target=\"_blank\" rel=\"noopener noreferrer\">salida de Paolo Goltz<\/a><\/span>.<\/p>\n<p style=\"text-align: center;\"><span style=\"color: #3366ff;\"><a style=\"color: #3366ff;\" href=\"https:\/\/www.futboltotal.com.mx\/2017\/07\/real-madrid-oficial-la-llegada-theo-hernandez\/\">VER M\u00c1S: El Real Madrid hace oficial la llegada de Theo Hern\u00e1ndez<\/a><\/span><\/p>\n","protected":false},"excerpt":{"rendered":"<p>El colombiano no ha recibido ofertas para salir de las \u00c1guilas.<\/p>\n","protected":false},"author":20,"featured_media":482322,"comment_status":"closed","ping_status":"closed","sticky":false,"template":"","format":"standard","meta":[],"categories":[3839,3844],"tags":[5959,284,64],"_links":{"self":[{"href":"http:\/\/desarrollo.grupomedios.com\/futbol\/wp-json\/wp\/v2\/posts\/486939"}],"collection":[{"href":"http:\/\/desarrollo.grupomedios.com\/futbol\/wp-json\/wp\/v2\/posts"}],"about":[{"href":"http:\/\/desarrollo.grupomedios.com\/futbol\/wp-json\/wp\/v2\/types\/post"}],"author":[{"embeddable":true,"href":"http:\/\/desarrollo.grupomedios.com\/futbol\/wp-json\/wp\/v2\/users\/20"}],"replies":[{"embeddable":true,"href":"http:\/\/desarrollo.grupomedios.com\/futbol\/wp-json\/wp\/v2\/comments?post=486939"}],"version-history":[{"count":1,"href":"http:\/\/desarrollo.grupomedios.com\/futbol\/wp-json\/wp\/v2\/posts\/486939\/revisions"}],"predecessor-version":[{"id":486941,"href":"http:\/\/desarrollo.grupomedios.com\/futbol\/wp-json\/wp\/v2\/posts\/486939\/revisions\/486941"}],"wp:featuredmedia":[{"embeddable":true,"href":"http:\/\/desarrollo.grupomedios.com\/futbol\/wp-json\/wp\/v2\/media\/482322"}],"wp:attachment":[{"href":"http:\/\/desarrollo.grupomedios.com\/futbol\/wp-json\/wp\/v2\/media?parent=486939"}],"wp:term":[{"taxonomy":"category","embeddable":true,"href":"http:\/\/desarrollo.grupomedios.com\/futbol\/wp-json\/wp\/v2\/categories?post=486939"},{"taxonomy":"post_tag","embeddable":true,"href":"http:\/\/desarrollo.grupomedios.com\/futbol\/wp-json\/wp\/v2\/tags?post=486939"}],"curies":[{"name":"wp","href":"https:\/\/api.w.org\/{rel}","templated":true}]}}