{"id":486944,"date":"2017-07-05T11:46:24","date_gmt":"2017-07-05T16:46:24","guid":{"rendered":"https:\/\/www.futboltotal.com.mx\/?p=486944"},"modified":"2017-07-05T11:46:24","modified_gmt":"2017-07-05T16:46:24","slug":"tigres-indica-guido-pizarro-negociable","status":"publish","type":"post","link":"http:\/\/desarrollo.grupomedios.com\/futbol\/futbol-mexicano\/tigres-indica-guido-pizarro-negociable\/2017\/07","title":{"rendered":"Tigres indica que Guido Pizarro no es negociable"},"content":{"rendered":"<p>Durante los \u00faltimos d\u00edas, <span style=\"color: #333399;\"><a style=\"color: #333399;\" href=\"https:\/\/www.futboltotal.com.mx\/2017\/07\/guido-pizarro-estaria-cerca-de-ser-jugador-del-sevilla\/\" target=\"_blank\" rel=\"noopener noreferrer\">equipos como <strong>Boca Juniors<\/strong> y <strong>Sevilla<\/strong><\/a><\/span> han mostrado inter\u00e9s por el mediocampista de <strong>Tigres<\/strong>, <strong>Guido Pizarro<\/strong>, sin embargo, el\u00a0presidente de<strong>\u00a0Tigres, Alejandro Rodr\u00edguez,\u00a0<\/strong>asegur\u00f3 que el mediocampista no es negociable, aunque quisiera escuchar la opini\u00f3n del futbolista.<\/p>\n<blockquote><p>&#8220;<strong>Guido\u00a0<\/strong>es importante para nosotros, titular, llama la atenci\u00f3n en muchos lados, incluso en su selecci\u00f3n. Voy a hablar con \u00e9l frente a frente. No es negociable para nosotros, pero hay que o\u00edr al jugador&#8221;,\u00a0expres\u00f3 el directivo para <em>Multimedios<\/em>.<\/p><\/blockquote>\n<p style=\"text-align: center;\"><span style=\"color: #333399;\"><a style=\"color: #333399;\" href=\"https:\/\/www.futboltotal.com.mx\/2017\/07\/real-madrid-oficial-la-llegada-theo-hernandez\/\" target=\"_blank\" rel=\"noopener noreferrer\">VER M\u00c1S: Real Madrid tiene su primer fichaje estelar<\/a><\/span><\/p>\n<p>Adem\u00e1s, agreg\u00f3 que no ha recibido ninguna oferta formal o acercamiento por <strong>Pizarro<\/strong>, a pesar de los rumores que se han suscitado en \u00faltimos d\u00edas.<\/p>\n<blockquote><p>&#8220;No hemos recibido ning\u00fan acercamiento o llamada, nada, de ning\u00fan\u00a0equipo. Si hubiera algo oficial, lo dir\u00edamos. Tenemos una pol\u00edtica de ser muy serios para proteger al jugador, el club no tiene porque andar hablando de cifras&#8221;, explic\u00f3\u00a0Rodr\u00edguez.<\/p><\/blockquote>\n<p style=\"text-align: center;\"><span style=\"color: #333399;\"><a style=\"color: #333399;\" href=\"https:\/\/www.futboltotal.com.mx\/2017\/07\/ex-americanista-consigue-equipo-en-extranjero\/\" target=\"_blank\" rel=\"noopener noreferrer\">VER M\u00c1S: Ex americanista contin\u00faa jugando en el extranjero<\/a><\/span><\/p>\n","protected":false},"excerpt":{"rendered":"<p>El presidente del conjunto felino indic\u00f3 que no han recibido ninguna oferta formal de Argentina o Espa\u00f1a<\/p>\n","protected":false},"author":20,"featured_media":483293,"comment_status":"closed","ping_status":"closed","sticky":false,"template":"","format":"standard","meta":[],"categories":[7740,2198,3845],"tags":[1683,3991,49,5973],"_links":{"self":[{"href":"http:\/\/desarrollo.grupomedios.com\/futbol\/wp-json\/wp\/v2\/posts\/486944"}],"collection":[{"href":"http:\/\/desarrollo.grupomedios.com\/futbol\/wp-json\/wp\/v2\/posts"}],"about":[{"href":"http:\/\/desarrollo.grupomedios.com\/futbol\/wp-json\/wp\/v2\/types\/post"}],"author":[{"embeddable":true,"href":"http:\/\/desarrollo.grupomedios.com\/futbol\/wp-json\/wp\/v2\/users\/20"}],"replies":[{"embeddable":true,"href":"http:\/\/desarrollo.grupomedios.com\/futbol\/wp-json\/wp\/v2\/comments?post=486944"}],"version-history":[{"count":1,"href":"http:\/\/desarrollo.grupomedios.com\/futbol\/wp-json\/wp\/v2\/posts\/486944\/revisions"}],"predecessor-version":[{"id":486945,"href":"http:\/\/desarrollo.grupomedios.com\/futbol\/wp-json\/wp\/v2\/posts\/486944\/revisions\/486945"}],"wp:featuredmedia":[{"embeddable":true,"href":"http:\/\/desarrollo.grupomedios.com\/futbol\/wp-json\/wp\/v2\/media\/483293"}],"wp:attachment":[{"href":"http:\/\/desarrollo.grupomedios.com\/futbol\/wp-json\/wp\/v2\/media?parent=486944"}],"wp:term":[{"taxonomy":"category","embeddable":true,"href":"http:\/\/desarrollo.grupomedios.com\/futbol\/wp-json\/wp\/v2\/categories?post=486944"},{"taxonomy":"post_tag","embeddable":true,"href":"http:\/\/desarrollo.grupomedios.com\/futbol\/wp-json\/wp\/v2\/tags?post=486944"}],"curies":[{"name":"wp","href":"https:\/\/api.w.org\/{rel}","templated":true}]}}