{"id":486949,"date":"2017-07-05T12:29:03","date_gmt":"2017-07-05T17:29:03","guid":{"rendered":"https:\/\/www.futboltotal.com.mx\/?p=486949"},"modified":"2017-07-05T13:09:19","modified_gmt":"2017-07-05T18:09:19","slug":"gargano-demostrar-acusaciones-ante-la-justicia-mohamed","status":"publish","type":"post","link":"http:\/\/desarrollo.grupomedios.com\/futbol\/futbol-mexicano\/gargano-demostrar-acusaciones-ante-la-justicia-mohamed\/2017\/07","title":{"rendered":"Gargano tiene que demostrar acusaciones ante la justicia: Mohamed"},"content":{"rendered":"<p>Luego que <span style=\"color: #333399;\"><a style=\"color: #333399;\" href=\"https:\/\/www.futboltotal.com.mx\/2017\/07\/gargano-explota-contra-mohamed-y-quiere-irse-de-rayados\/\" target=\"_blank\" rel=\"noopener noreferrer\"><strong>Walter Gargano<\/strong> despotric\u00f3 en contra de <strong>Rayados<\/strong> y <strong>Mohamed<\/strong><\/a><\/span>, pues no le gust\u00f3 el trato que le dieron, el <strong>Turco<\/strong>\u00a0le respondi\u00f3 al futbolista uruguayo, quien se disculp\u00f3 a trav\u00e9s de un video en Instagram.<\/p>\n<blockquote><p>&#8220;Es un error, hay veces que uno se tiene que contener. Pedir una disculpa a los que se sintieron tocados u ofendidos.\u00a0De lo que se habl\u00f3 ayer la novela la crean mis palabras, me hago responsable, pero tambi\u00e9n no creo que se cree una novela donde no hay novela. Lo hice en caliente se me fueron tres o cuatro palabras, no nombr\u00e9 a nadie y a quien se sinti\u00f3 ofendido le pido disculpas\u201d, dijo <strong>Gargano<\/strong> en el mensaje que lanz\u00f3 a trav\u00e9s de redes sociales.<\/p><\/blockquote>\n<p>Por su parte, para <strong>Mohamed<\/strong> no fue suficiente esta disculpa por parte del jugador uruguayo.<\/p>\n<blockquote><p>&#8220;Ninguna disculpa en redes sociales me llena.\u00a0<strong>Gargano\u00a0<\/strong>tiene que afrontar las consecuencias y demostrarlo ante la justicia&#8221;, se\u00f1al\u00f3 Mohamed para <em>TDN<\/em>.<\/p><\/blockquote>\n<p style=\"text-align: center;\"><span style=\"color: #333399;\"><a style=\"color: #333399;\" href=\"https:\/\/www.futboltotal.com.mx\/2017\/07\/una-traicion-romano-pudo-dirigir-al-america\/\" target=\"_blank\" rel=\"noopener noreferrer\">VER M\u00c1S: Romano no lleg\u00f3 al Am\u00e9rica por una traici\u00f3n\u00a0<\/a><\/span><\/p>\n<p>Sin embargo, se\u00f1al\u00f3, <span style=\"color: #333399;\"><a style=\"color: #333399;\" href=\"https:\/\/www.futboltotal.com.mx\/2017\/07\/mohamed-responde-a-acusaciones-gargano-lo-reta\/\" target=\"_blank\" rel=\"noopener noreferrer\">as\u00ed como <strong>Duilio Davino<\/strong><\/a><\/span>, que la &#8216;calentura&#8217; que ten\u00eda el futbolista no justifica las acusaciones que realiz\u00f3 en su contra.<\/p>\n<blockquote><p>&#8220;No es justo que un jugador hable cualquier cosa porque est\u00e1 caliente. Cuando estuvimos frente a frente no dijo nada&#8221;, apunt\u00f3.<\/p><\/blockquote>\n<p style=\"text-align: center;\"><span style=\"color: #333399;\"><a style=\"color: #333399;\" href=\"https:\/\/www.futboltotal.com.mx\/2017\/07\/tigres-quiere-a-otra-estrella-la-seleccion-chilena\/\" target=\"_blank\" rel=\"noopener noreferrer\">VER M\u00c1S: Tigres tiene en la mira a otro seleccionado chileno<\/a><\/span><\/p>\n","protected":false},"excerpt":{"rendered":"<p>El estratega de Rayados levant\u00f3 fuerte la voz ante las acusaciones que hizo en su contra el futbolista uruguayo<\/p>\n","protected":false},"author":20,"featured_media":472358,"comment_status":"closed","ping_status":"closed","sticky":false,"template":"","format":"standard","meta":[],"categories":[2198,3845],"tags":[1587,5966,497,5641],"_links":{"self":[{"href":"http:\/\/desarrollo.grupomedios.com\/futbol\/wp-json\/wp\/v2\/posts\/486949"}],"collection":[{"href":"http:\/\/desarrollo.grupomedios.com\/futbol\/wp-json\/wp\/v2\/posts"}],"about":[{"href":"http:\/\/desarrollo.grupomedios.com\/futbol\/wp-json\/wp\/v2\/types\/post"}],"author":[{"embeddable":true,"href":"http:\/\/desarrollo.grupomedios.com\/futbol\/wp-json\/wp\/v2\/users\/20"}],"replies":[{"embeddable":true,"href":"http:\/\/desarrollo.grupomedios.com\/futbol\/wp-json\/wp\/v2\/comments?post=486949"}],"version-history":[{"count":4,"href":"http:\/\/desarrollo.grupomedios.com\/futbol\/wp-json\/wp\/v2\/posts\/486949\/revisions"}],"predecessor-version":[{"id":486956,"href":"http:\/\/desarrollo.grupomedios.com\/futbol\/wp-json\/wp\/v2\/posts\/486949\/revisions\/486956"}],"wp:featuredmedia":[{"embeddable":true,"href":"http:\/\/desarrollo.grupomedios.com\/futbol\/wp-json\/wp\/v2\/media\/472358"}],"wp:attachment":[{"href":"http:\/\/desarrollo.grupomedios.com\/futbol\/wp-json\/wp\/v2\/media?parent=486949"}],"wp:term":[{"taxonomy":"category","embeddable":true,"href":"http:\/\/desarrollo.grupomedios.com\/futbol\/wp-json\/wp\/v2\/categories?post=486949"},{"taxonomy":"post_tag","embeddable":true,"href":"http:\/\/desarrollo.grupomedios.com\/futbol\/wp-json\/wp\/v2\/tags?post=486949"}],"curies":[{"name":"wp","href":"https:\/\/api.w.org\/{rel}","templated":true}]}}