{"id":486950,"date":"2017-07-05T12:37:33","date_gmt":"2017-07-05T17:37:33","guid":{"rendered":"https:\/\/www.futboltotal.com.mx\/?p=486950"},"modified":"2017-07-05T12:37:33","modified_gmt":"2017-07-05T17:37:33","slug":"refuerzo-del-madrid-le-desea-exito-a-edgar-mendez-en-cruz-azul","status":"publish","type":"post","link":"http:\/\/desarrollo.grupomedios.com\/futbol\/futbol-mexicano\/refuerzo-del-madrid-le-desea-exito-a-edgar-mendez-en-cruz-azul\/2017\/07","title":{"rendered":"Refuerzo del Madrid le desea \u00e9xito a \u00c9dgar M\u00e9ndez en Cruz Azul"},"content":{"rendered":"<p>Este d\u00eda, el franc\u00e9s Theo Hern\u00e1ndez fue anunciado como nuevo refuerzo del Real Madrid y de paso el ex jugador del Alav\u00e9s aprovech\u00f3 para desear suerte a \u00c9dgar M\u00e9ndez, nuevo refuerzo de <strong>Cruz Azul<\/strong>.<\/p>\n<p>A trav\u00e9s de su cuenta de Twitter, Hern\u00e1ndez escribi\u00f3 un mensaje para el nuevo jugador espa\u00f1ol de la <em>M\u00e1quina<\/em>, con quien comparti\u00f3 vestidor durante la temporada pasada en Espa\u00f1a.<\/p>\n<p>&#8220;Mucha suerte @edgarmendez9! Suerte en el @Cruz_Azul_FC!&#8221;, escribi\u00f3 Theo en su cuenta de Twitter.<\/p>\n<p style=\"text-align: center;\"><span style=\"color: #3366ff;\"><a style=\"color: #3366ff;\" href=\"https:\/\/www.futboltotal.com.mx\/2017\/07\/rubens-sambueza-presumio-nuevo-dorsal-toluca\/\">VER M\u00c1S: Rubens Sambueza presumi\u00f3 su nuevo dorsal con Toluca<\/a><\/span><\/p>\n<blockquote class=\"twitter-tweet\" data-width=\"500\">\n<p lang=\"es\" dir=\"ltr\">Mucha suerte <a href=\"https:\/\/twitter.com\/edgarmendez9\">@edgarmendez9<\/a>! Suerte en el <a href=\"https:\/\/twitter.com\/Cruz_Azul_FC\">@Cruz_Azul_FC<\/a>! <a href=\"https:\/\/t.co\/DRGx0j44Lj\">pic.twitter.com\/DRGx0j44Lj<\/a><\/p>\n<p>&mdash; Theo Hernandez (@theo3_theo) <a href=\"https:\/\/twitter.com\/theo3_theo\/status\/882333242380169216\">July 4, 2017<\/a><\/p><\/blockquote>\n<p><script async src=\"\/\/platform.twitter.com\/widgets.js\" charset=\"utf-8\"><\/script><\/p>\n","protected":false},"excerpt":{"rendered":"<p>Theo Hern\u00e1ndez se despidi\u00f3 de su compa\u00f1ero en el Alav\u00e9s<\/p>\n","protected":false},"author":20,"featured_media":486217,"comment_status":"closed","ping_status":"closed","sticky":false,"template":"","format":"standard","meta":[],"categories":[3839,2198,3844,3845],"tags":[5962,9064,5988,8694],"_links":{"self":[{"href":"http:\/\/desarrollo.grupomedios.com\/futbol\/wp-json\/wp\/v2\/posts\/486950"}],"collection":[{"href":"http:\/\/desarrollo.grupomedios.com\/futbol\/wp-json\/wp\/v2\/posts"}],"about":[{"href":"http:\/\/desarrollo.grupomedios.com\/futbol\/wp-json\/wp\/v2\/types\/post"}],"author":[{"embeddable":true,"href":"http:\/\/desarrollo.grupomedios.com\/futbol\/wp-json\/wp\/v2\/users\/20"}],"replies":[{"embeddable":true,"href":"http:\/\/desarrollo.grupomedios.com\/futbol\/wp-json\/wp\/v2\/comments?post=486950"}],"version-history":[{"count":1,"href":"http:\/\/desarrollo.grupomedios.com\/futbol\/wp-json\/wp\/v2\/posts\/486950\/revisions"}],"predecessor-version":[{"id":486954,"href":"http:\/\/desarrollo.grupomedios.com\/futbol\/wp-json\/wp\/v2\/posts\/486950\/revisions\/486954"}],"wp:featuredmedia":[{"embeddable":true,"href":"http:\/\/desarrollo.grupomedios.com\/futbol\/wp-json\/wp\/v2\/media\/486217"}],"wp:attachment":[{"href":"http:\/\/desarrollo.grupomedios.com\/futbol\/wp-json\/wp\/v2\/media?parent=486950"}],"wp:term":[{"taxonomy":"category","embeddable":true,"href":"http:\/\/desarrollo.grupomedios.com\/futbol\/wp-json\/wp\/v2\/categories?post=486950"},{"taxonomy":"post_tag","embeddable":true,"href":"http:\/\/desarrollo.grupomedios.com\/futbol\/wp-json\/wp\/v2\/tags?post=486950"}],"curies":[{"name":"wp","href":"https:\/\/api.w.org\/{rel}","templated":true}]}}