{"id":486959,"date":"2017-07-05T13:31:53","date_gmt":"2017-07-05T18:31:53","guid":{"rendered":"https:\/\/www.futboltotal.com.mx\/?p=486959"},"modified":"2017-07-05T13:38:45","modified_gmt":"2017-07-05T18:38:45","slug":"kameni-deja-malaga-se-va-a-turquia-oportunidad-ochoa","status":"publish","type":"post","link":"http:\/\/desarrollo.grupomedios.com\/futbol\/futbol-internacional\/kameni-deja-malaga-se-va-a-turquia-oportunidad-ochoa\/2017\/07","title":{"rendered":"Kameni deja el M\u00e1laga y se va a Turqu\u00eda"},"content":{"rendered":"<p>El portero camerun\u00e9s <strong>Carlos Kameni,<\/strong> ha llegado a un acuerdo con el <strong>M\u00e1laga<\/strong> para desvincularse de la entidad, despu\u00e9s de cinco temporadas y media, y fichar por el <strong>Fenerbah\u00e7e<\/strong> turco.<\/p>\n<p>El club malaguista anunci\u00f3 este mi\u00e9rcoles el acuerdo por el que finaliza su relaci\u00f3n contractual con el internacional camerun\u00e9s, que ten\u00eda tres a\u00f1os m\u00e1s de contrato y se encuentra desde el martes en Estambul para firmar por el equipo turco tras pasar el reconocimiento m\u00e9dico.<\/p>\n<p style=\"text-align: center;\"><span style=\"color: #3366ff;\"><a style=\"color: #3366ff;\" href=\"https:\/\/www.futboltotal.com.mx\/2017\/07\/escandalo-sexual-en-club-brasileno-una-masturbacion-colectiva\/\">VER M\u00c1S: \u00a1Esc\u00e1ndalo sexual en club brasile\u00f1o por una masturbaci\u00f3n colectiva!<\/a><\/span><\/p>\n<blockquote class=\"twitter-tweet\" data-width=\"500\">\n<p lang=\"en\" dir=\"ltr\">WELCOME IDRISS CARLOS KAMENI! <a href=\"https:\/\/t.co\/J62CkFfhrn\">pic.twitter.com\/J62CkFfhrn<\/a><\/p>\n<p>&mdash; Fenerbahce_EN (@Fenerbahce_EN) <a href=\"https:\/\/twitter.com\/Fenerbahce_EN\/status\/882639921063895040\">July 5, 2017<\/a><\/p><\/blockquote>\n<p><script async src=\"\/\/platform.twitter.com\/widgets.js\" charset=\"utf-8\"><\/script><\/p>\n<p><strong>Kameni<\/strong>, de 33 a\u00f1os, lleg\u00f3 en enero de 2012 al <strong>M\u00e1laga<\/strong> procedente del Espanyol y, despu\u00e9s de una primera etapa en la que no dispuso de minutos, se convirti\u00f3 en el guardameta titular a partir de la campa\u00f1a 2014-15 tras la marcha del argentino Willy Caballero al Manchester City.<\/p>\n<p>El africano disput\u00f3 con el <strong>M\u00e1laga<\/strong> 113 encuentros de Liga, siete de la Copa del Rey y uno de la Champions League\u00a0y la pasada temporada jug\u00f3 35 partidos en la competici\u00f3n liguera.<\/p>\n<p style=\"text-align: center;\"><span style=\"color: #3366ff;\"><a style=\"color: #3366ff;\" href=\"https:\/\/www.futboltotal.com.mx\/2017\/07\/falta-ofertas-america-se-quedaria-darwin-quintero\/\">VER M\u00c1S: Por falta de ofertas, Am\u00e9rica se quedar\u00eda con Darwin Quintero<\/a><\/span><\/p>\n<p>El pasado 15 de abril, en la jornada 32 de LaLiga, el internacional camerun\u00e9s se convirti\u00f3 en el portero extranjero con m\u00e1s partidos en Primera Divisi\u00f3n, con 329 -actualmente 335-, y super\u00f3 con ello al argentino Leo Franco, que ten\u00eda el r\u00e9cord en 328.<\/p>\n<p><strong>Kameni<\/strong> gan\u00f3 con la selecci\u00f3n de Camer\u00fan los Juegos Ol\u00edmpicos de Sydney 2000 y la Copa de \u00c1frica de 2002, y en su despedida el club malague\u00f1o le ha agradecido &#8220;su profesionalidad durante estos a\u00f1os&#8221; y le ha deseado &#8220;mucha suerte en su nueva andadura futbol\u00edstica&#8221;. EFE<\/p>\n","protected":false},"excerpt":{"rendered":"<p>El portero ir\u00e1 al Fenerbah\u00e7e turco.<\/p>\n","protected":false},"author":144,"featured_media":443351,"comment_status":"closed","ping_status":"closed","sticky":false,"template":"","format":"standard","meta":[],"categories":[3839,3844],"tags":[6851,8619,306],"_links":{"self":[{"href":"http:\/\/desarrollo.grupomedios.com\/futbol\/wp-json\/wp\/v2\/posts\/486959"}],"collection":[{"href":"http:\/\/desarrollo.grupomedios.com\/futbol\/wp-json\/wp\/v2\/posts"}],"about":[{"href":"http:\/\/desarrollo.grupomedios.com\/futbol\/wp-json\/wp\/v2\/types\/post"}],"author":[{"embeddable":true,"href":"http:\/\/desarrollo.grupomedios.com\/futbol\/wp-json\/wp\/v2\/users\/144"}],"replies":[{"embeddable":true,"href":"http:\/\/desarrollo.grupomedios.com\/futbol\/wp-json\/wp\/v2\/comments?post=486959"}],"version-history":[{"count":3,"href":"http:\/\/desarrollo.grupomedios.com\/futbol\/wp-json\/wp\/v2\/posts\/486959\/revisions"}],"predecessor-version":[{"id":486963,"href":"http:\/\/desarrollo.grupomedios.com\/futbol\/wp-json\/wp\/v2\/posts\/486959\/revisions\/486963"}],"wp:featuredmedia":[{"embeddable":true,"href":"http:\/\/desarrollo.grupomedios.com\/futbol\/wp-json\/wp\/v2\/media\/443351"}],"wp:attachment":[{"href":"http:\/\/desarrollo.grupomedios.com\/futbol\/wp-json\/wp\/v2\/media?parent=486959"}],"wp:term":[{"taxonomy":"category","embeddable":true,"href":"http:\/\/desarrollo.grupomedios.com\/futbol\/wp-json\/wp\/v2\/categories?post=486959"},{"taxonomy":"post_tag","embeddable":true,"href":"http:\/\/desarrollo.grupomedios.com\/futbol\/wp-json\/wp\/v2\/tags?post=486959"}],"curies":[{"name":"wp","href":"https:\/\/api.w.org\/{rel}","templated":true}]}}