{"id":486960,"date":"2017-07-05T13:43:59","date_gmt":"2017-07-05T18:43:59","guid":{"rendered":"https:\/\/www.futboltotal.com.mx\/?p=486960"},"modified":"2017-07-05T14:15:06","modified_gmt":"2017-07-05T19:15:06","slug":"guardado-regresa-a-espana-betis-psv-cierran-acuerdo-traspaso","status":"publish","type":"post","link":"http:\/\/desarrollo.grupomedios.com\/futbol\/destacado-home\/guardado-regresa-a-espana-betis-psv-cierran-acuerdo-traspaso\/2017\/07","title":{"rendered":"Guardado regresa a Espa\u00f1a, Betis y PSV cierran acuerdo de traspaso"},"content":{"rendered":"<p>El mediocampista mexicano, <strong>Andr\u00e9s Guardado<\/strong> se convertir\u00e1 en nuevo jugador del <strong>Betis<\/strong>, luego que el\u00a0vicepresidente deportivo, Lorenzo Serra Ferrer, viaj\u00f3 este mi\u00e9rcoles a Holanda para sellar el traspaso, aseguran el diario <em>R\u00e9cord<\/em>\u00a0de M\u00e9xico y el diario <em>ABC de Sevilla<\/em>.<\/p>\n<p>El fichaje se cerrar\u00e1 en torno a <strong>2 millones de euros<\/strong>, y s\u00f3lo estar\u00eda en espera que pase los ex\u00e1menes m\u00e9dicos pertinentes para poder hacerlo de manera oficial, de acuerdo con el diario <em>Marca<\/em>.<\/p>\n<p style=\"text-align: center;\"><span style=\"color: #333399;\"><a style=\"color: #333399;\" href=\"https:\/\/www.futboltotal.com.mx\/2017\/07\/milan-pagaria-millonada-al-porto-tecatito-corona\/\" target=\"_blank\" rel=\"noopener noreferrer\">VER M\u00c1S: Tecatito Corona suena fuerte para el AC Milan<\/a><\/span><\/p>\n<p>Andr\u00e9s Guardado ten\u00eda la oferta de <strong>Los \u00c1ngeles FC<\/strong> de la <strong>MLS<\/strong>, sin embargo, el &#8216;Principito&#8217; se habr\u00eda decantado por Espa\u00f1a, para llegar en buen momento al mundial de <strong>Rusia 2018<\/strong>.<\/p>\n<p>Guardado ya tuvo experiencia en el futbol ib\u00e9rico, pues milit\u00f3 en el <strong>Deportivo la Coru\u00f1a<\/strong> y el <strong>Valencia<\/strong>.<\/p>\n<p style=\"text-align: center;\"><span style=\"color: #333399;\"><a style=\"color: #333399;\" href=\"https:\/\/www.futboltotal.com.mx\/2017\/07\/tigres-indica-guido-pizarro-negociable\/\" target=\"_blank\" rel=\"noopener noreferrer\">VER M\u00c1S: Tigres indica que Guido Pizarro no es negociable<\/a><\/span><\/p>\n","protected":false},"excerpt":{"rendered":"<p>El mediocampista mexicano vestir\u00e1 otra camiseta m\u00e1s en el futbol ib\u00e9rico con miras a llegar en buen momento al mundial de Rusia 2018<\/p>\n","protected":false},"author":159,"featured_media":480921,"comment_status":"closed","ping_status":"closed","sticky":false,"template":"","format":"standard","meta":[],"categories":[5,7740,3839,3847],"tags":[6046,253,76,1192,2232],"_links":{"self":[{"href":"http:\/\/desarrollo.grupomedios.com\/futbol\/wp-json\/wp\/v2\/posts\/486960"}],"collection":[{"href":"http:\/\/desarrollo.grupomedios.com\/futbol\/wp-json\/wp\/v2\/posts"}],"about":[{"href":"http:\/\/desarrollo.grupomedios.com\/futbol\/wp-json\/wp\/v2\/types\/post"}],"author":[{"embeddable":true,"href":"http:\/\/desarrollo.grupomedios.com\/futbol\/wp-json\/wp\/v2\/users\/159"}],"replies":[{"embeddable":true,"href":"http:\/\/desarrollo.grupomedios.com\/futbol\/wp-json\/wp\/v2\/comments?post=486960"}],"version-history":[{"count":3,"href":"http:\/\/desarrollo.grupomedios.com\/futbol\/wp-json\/wp\/v2\/posts\/486960\/revisions"}],"predecessor-version":[{"id":486971,"href":"http:\/\/desarrollo.grupomedios.com\/futbol\/wp-json\/wp\/v2\/posts\/486960\/revisions\/486971"}],"wp:featuredmedia":[{"embeddable":true,"href":"http:\/\/desarrollo.grupomedios.com\/futbol\/wp-json\/wp\/v2\/media\/480921"}],"wp:attachment":[{"href":"http:\/\/desarrollo.grupomedios.com\/futbol\/wp-json\/wp\/v2\/media?parent=486960"}],"wp:term":[{"taxonomy":"category","embeddable":true,"href":"http:\/\/desarrollo.grupomedios.com\/futbol\/wp-json\/wp\/v2\/categories?post=486960"},{"taxonomy":"post_tag","embeddable":true,"href":"http:\/\/desarrollo.grupomedios.com\/futbol\/wp-json\/wp\/v2\/tags?post=486960"}],"curies":[{"name":"wp","href":"https:\/\/api.w.org\/{rel}","templated":true}]}}