{"id":486965,"date":"2017-07-05T13:58:47","date_gmt":"2017-07-05T18:58:47","guid":{"rendered":"https:\/\/www.futboltotal.com.mx\/?p=486965"},"modified":"2017-07-05T13:58:47","modified_gmt":"2017-07-05T18:58:47","slug":"ricardo-pelaez-tomaria-la-direccion-selecciones-nacionales","status":"publish","type":"post","link":"http:\/\/desarrollo.grupomedios.com\/futbol\/futbol-mexicano\/ricardo-pelaez-tomaria-la-direccion-selecciones-nacionales\/2017\/07","title":{"rendered":"Ricardo Pel\u00e1ez tomar\u00eda la direcci\u00f3n de Selecciones Nacionales"},"content":{"rendered":"<p>El ex presidente deportivo de Am\u00e9rica, <strong>Ricardo Pel\u00e1ez<\/strong>, declar\u00f3 que no se negar\u00eda a tomar el puesto que dej\u00f3 Santiago Ba\u00f1os en la <span style=\"color: #ff0000;\"><a style=\"color: #ff0000;\" href=\"http:\/\/www.futboltotal.com.mx\/futbol-mexicano\/seleccion-mexicana\/\" target=\"_blank\" rel=\"noopener noreferrer\">Selecci\u00f3n Mexicana<\/a><\/span>. La idea de asumir el puesto de directivo en la Federaci\u00f3n Mexicana de Futbol, tal y como lo hizo en v\u00edsperas del Mundial de Brasil 2014.<\/p>\n<p>\u201cYo a la <strong>Selecci\u00f3n Mexicana<\/strong>, como jugador o como directivo, nunca le dir\u00e9 que no\u201d, explic\u00f3 <strong>Ricardo Pel\u00e1ez<\/strong>, en entrevista con la cadena <em>FOX Sports.<\/em> Lo curioso de que asumiera el puesto, es que al final solo habr\u00eda intercambiado trabajo con Santiago Ba\u00f1os, pues \u00e9ste tom\u00f3 su lugar en Am\u00e9rica y su vacante ser\u00eda ocupada por el hist\u00f3rico goleador del Necaxa.<\/p>\n<p style=\"text-align: center;\"><span style=\"color: #3366ff;\"><a style=\"color: #3366ff;\" href=\"https:\/\/www.futboltotal.com.mx\/2017\/07\/guardado-regresa-a-espana-betis-psv-cierran-acuerdo-traspaso\/\" target=\"_blank\" rel=\"noopener noreferrer\"><strong>VER M\u00c1S: Andr\u00e9s Guardado, con un pie de vuelta en Espa\u00f1a<\/strong><\/a><\/span><\/p>\n<p>Pero aunque le emociona la idea de asumir el puesto de Director de Selecciones Nacionales, <strong>Ricardo Pel\u00e1ez<\/strong> tendr\u00eda que analizar la propuesta, debido a que tiene dudas sobre los objetivos que tiene la FMF para dicho puesto.<\/p>\n<p>\u201cEn su momento habr\u00e1 que analizar bien si se van a tomar decisiones, qu\u00e9 libertad vas a tener, para qu\u00e9 te est\u00e1n llamando, no lo s\u00e9, habr\u00e1 que analizar y platicar. No conozco la estructura de c\u00f3mo est\u00e1 conformada y tampoco s\u00e9 cu\u00e1les sean los objetivos que tienen\u201d, puntualiz\u00f3 el directivo.<\/p>\n<p style=\"text-align: center;\"><span style=\"color: #3366ff;\"><a style=\"color: #3366ff;\" href=\"https:\/\/www.futboltotal.com.mx\/2017\/07\/futbol-estufa-mercado-fichajes-de-europa\/\" target=\"_blank\" rel=\"noopener noreferrer\"><strong>VER M\u00c1S: Futbol de Estufa | Mercado de Fichajes en Europa<\/strong><\/a><\/span><\/p>\n","protected":false},"excerpt":{"rendered":"<p>Al ex directivo de Am\u00e9rica le encantar\u00eda intercambiar trabajo con Santiago Ba\u00f1os.<\/p>\n","protected":false},"author":20,"featured_media":486966,"comment_status":"closed","ping_status":"closed","sticky":false,"template":"","format":"standard","meta":[],"categories":[2198,3847],"tags":[142],"_links":{"self":[{"href":"http:\/\/desarrollo.grupomedios.com\/futbol\/wp-json\/wp\/v2\/posts\/486965"}],"collection":[{"href":"http:\/\/desarrollo.grupomedios.com\/futbol\/wp-json\/wp\/v2\/posts"}],"about":[{"href":"http:\/\/desarrollo.grupomedios.com\/futbol\/wp-json\/wp\/v2\/types\/post"}],"author":[{"embeddable":true,"href":"http:\/\/desarrollo.grupomedios.com\/futbol\/wp-json\/wp\/v2\/users\/20"}],"replies":[{"embeddable":true,"href":"http:\/\/desarrollo.grupomedios.com\/futbol\/wp-json\/wp\/v2\/comments?post=486965"}],"version-history":[{"count":1,"href":"http:\/\/desarrollo.grupomedios.com\/futbol\/wp-json\/wp\/v2\/posts\/486965\/revisions"}],"predecessor-version":[{"id":486968,"href":"http:\/\/desarrollo.grupomedios.com\/futbol\/wp-json\/wp\/v2\/posts\/486965\/revisions\/486968"}],"wp:featuredmedia":[{"embeddable":true,"href":"http:\/\/desarrollo.grupomedios.com\/futbol\/wp-json\/wp\/v2\/media\/486966"}],"wp:attachment":[{"href":"http:\/\/desarrollo.grupomedios.com\/futbol\/wp-json\/wp\/v2\/media?parent=486965"}],"wp:term":[{"taxonomy":"category","embeddable":true,"href":"http:\/\/desarrollo.grupomedios.com\/futbol\/wp-json\/wp\/v2\/categories?post=486965"},{"taxonomy":"post_tag","embeddable":true,"href":"http:\/\/desarrollo.grupomedios.com\/futbol\/wp-json\/wp\/v2\/tags?post=486965"}],"curies":[{"name":"wp","href":"https:\/\/api.w.org\/{rel}","templated":true}]}}