{"id":486972,"date":"2017-07-05T14:30:53","date_gmt":"2017-07-05T19:30:53","guid":{"rendered":"https:\/\/www.futboltotal.com.mx\/?p=486972"},"modified":"2017-07-05T14:30:53","modified_gmt":"2017-07-05T19:30:53","slug":"eintracht-frankfurt-presumio-faceta-cantante-carlos-salcedo","status":"publish","type":"post","link":"http:\/\/desarrollo.grupomedios.com\/futbol\/videos\/eintracht-frankfurt-presumio-faceta-cantante-carlos-salcedo\/2017\/07","title":{"rendered":"Eintracht presumi\u00f3 faceta de cantante de Carlos Salcedo"},"content":{"rendered":"<p>Tras la lesi\u00f3n que sufri\u00f3 con la Selecci\u00f3n Mexicana en la Copa Confederaciones, <strong>Carlos Salcedo<\/strong> se encuentra de vacaciones y recuper\u00e1ndose de su lesi\u00f3n para estar a punto en el inicio de temporada con su nuevo club, el <strong>Eintracht Frankfurt<\/strong>.<\/p>\n<p>Precisamente el club alem\u00e1n, fue quien presumi\u00f3 la faceta de cantante de Salcedo, quien apareci\u00f3 cantando uno de los \u00e9xitos del colombiano J Balvin en su cuenta de Instagram.<\/p>\n<p>&#8220;\u00a1Pr\u00f3ximamente en Fr\u00e1ncfort el \u00e9xito del verano! &#x1f3b6; &#x1f60e; &#x1f61c; @JBALVIN &#8211; Mi Gente (#Eintracht Remix) [feat. @Csalcedojr] &#x1f1f2;&#x1f1fd;&#x1f1e8;&#x1f1f4;\u00a0&#8221; fue el mensaje que escribi\u00f3 el Eintracht sobre Salcedo.<\/p>\n<p style=\"text-align: center;\"><span style=\"color: #3366ff;\"><a style=\"color: #3366ff;\" href=\"https:\/\/www.futboltotal.com.mx\/2017\/07\/guardado-regresa-a-espana-betis-psv-cierran-acuerdo-traspaso\/\">VER M\u00c1S: Guardado regresa a Espa\u00f1a, Betis y PSV cierran acuerdo de traspaso<\/a><\/span><\/p>\n<p>https:\/\/twitter.com\/eintracht_esp\/status\/882652763817226241<\/p>\n","protected":false},"excerpt":{"rendered":"<p>El mexicano apareci\u00f3 en un video cantando como J Balvin.<\/p>\n","protected":false},"author":20,"featured_media":471169,"comment_status":"closed","ping_status":"closed","sticky":false,"template":"","format":"standard","meta":[],"categories":[3839,2198,4],"tags":[5531,3588],"_links":{"self":[{"href":"http:\/\/desarrollo.grupomedios.com\/futbol\/wp-json\/wp\/v2\/posts\/486972"}],"collection":[{"href":"http:\/\/desarrollo.grupomedios.com\/futbol\/wp-json\/wp\/v2\/posts"}],"about":[{"href":"http:\/\/desarrollo.grupomedios.com\/futbol\/wp-json\/wp\/v2\/types\/post"}],"author":[{"embeddable":true,"href":"http:\/\/desarrollo.grupomedios.com\/futbol\/wp-json\/wp\/v2\/users\/20"}],"replies":[{"embeddable":true,"href":"http:\/\/desarrollo.grupomedios.com\/futbol\/wp-json\/wp\/v2\/comments?post=486972"}],"version-history":[{"count":1,"href":"http:\/\/desarrollo.grupomedios.com\/futbol\/wp-json\/wp\/v2\/posts\/486972\/revisions"}],"predecessor-version":[{"id":486973,"href":"http:\/\/desarrollo.grupomedios.com\/futbol\/wp-json\/wp\/v2\/posts\/486972\/revisions\/486973"}],"wp:featuredmedia":[{"embeddable":true,"href":"http:\/\/desarrollo.grupomedios.com\/futbol\/wp-json\/wp\/v2\/media\/471169"}],"wp:attachment":[{"href":"http:\/\/desarrollo.grupomedios.com\/futbol\/wp-json\/wp\/v2\/media?parent=486972"}],"wp:term":[{"taxonomy":"category","embeddable":true,"href":"http:\/\/desarrollo.grupomedios.com\/futbol\/wp-json\/wp\/v2\/categories?post=486972"},{"taxonomy":"post_tag","embeddable":true,"href":"http:\/\/desarrollo.grupomedios.com\/futbol\/wp-json\/wp\/v2\/tags?post=486972"}],"curies":[{"name":"wp","href":"https:\/\/api.w.org\/{rel}","templated":true}]}}