{"id":486974,"date":"2017-07-05T14:52:04","date_gmt":"2017-07-05T19:52:04","guid":{"rendered":"https:\/\/www.futboltotal.com.mx\/?p=486974"},"modified":"2017-07-05T14:52:04","modified_gmt":"2017-07-05T19:52:04","slug":"televisa-arrasa-tv-azteca-en-todas-las-emisiones-confederaciones","status":"publish","type":"post","link":"http:\/\/desarrollo.grupomedios.com\/futbol\/futbol-internacional\/televisa-arrasa-tv-azteca-en-todas-las-emisiones-confederaciones\/2017\/07","title":{"rendered":"Televisa arrasa con TV Azteca, en todas las emisiones de Confederaciones"},"content":{"rendered":"<p><strong>Televisa<\/strong> presumi\u00f3 en el debut de la <span style=\"color: #ff0000;\"><a style=\"color: #ff0000;\" href=\"http:\/\/www.futboltotal.com.mx\/futbol-mexicano\/seleccion-mexicana\/\" target=\"_blank\" rel=\"noopener noreferrer\">Selecci\u00f3n Mexicana<\/a><\/span> en la Copa Confederaciones, que hab\u00eda tenido mejor rating en el duelo entre Portugal y el Tri; posteriormente, la empresa de Emilio Azc\u00e1rraga Jean volvi\u00f3 a vencer a <strong>TV Azteca<\/strong>, en m\u00e9tricas de audiencia, de acuerdo a una empresa especializadas.<\/p>\n<p>Seg\u00fan <em>Nielsen-IBOPE M\u00e9xico<\/em>, no solo el primer partido de la Selecci\u00f3n Mexicana, sino toda la Copa Confederaciones fue ganada por<strong> Televisa<\/strong> en cuanto a rating; inclusive, despu\u00e9s del primer encuentro, las preferencias tuvieron una marcada desigualdad, a favor de la empresa de Chapultepec.<\/p>\n<p style=\"text-align: center;\"><span style=\"color: #3366ff;\"><a style=\"color: #3366ff;\" href=\"https:\/\/www.futboltotal.com.mx\/2017\/07\/ricardo-pelaez-tomaria-la-direccion-selecciones-nacionales\/\" target=\"_blank\" rel=\"noopener noreferrer\"><strong>VER M\u00c1S: Ricardo Pel\u00e1ez tomar\u00eda direcci\u00f3n de Selecciones Nacionales<\/strong><\/a><\/span><\/p>\n<p><a href=\"https:\/\/www.futboltotal.com.mx\/wp-content\/uploads\/2017\/07\/DATOS-RATING-CONFEDERACIONES.jpg\"><img decoding=\"async\" loading=\"lazy\" class=\"alignnone size-full wp-image-486975\" src=\"https:\/\/www.futboltotal.com.mx\/wp-content\/uploads\/2017\/07\/DATOS-RATING-CONFEDERACIONES.jpg\" alt=\"Televisa arrasa con TV Azteca, en todas las emisiones de Confederaciones 0\" srcset=\"http:\/\/desarrollo.grupomedios.com\/futbol\/wp-content\/uploads\/2017\/07\/DATOS-RATING-CONFEDERACIONES.jpg 858w, http:\/\/desarrollo.grupomedios.com\/futbol\/wp-content\/uploads\/2017\/07\/DATOS-RATING-CONFEDERACIONES-300x281.jpg 300w, http:\/\/desarrollo.grupomedios.com\/futbol\/wp-content\/uploads\/2017\/07\/DATOS-RATING-CONFEDERACIONES-768x719.jpg 768w\" sizes=\"(max-width: 858px) 100vw, 858px\" \/><\/a><\/p>\n<p style=\"text-align: center;\"><span style=\"color: #3366ff;\"><a style=\"color: #3366ff;\" href=\"https:\/\/www.futboltotal.com.mx\/2017\/07\/eintracht-frankfurt-presumio-faceta-cantante-carlos-salcedo\/\" target=\"_blank\" rel=\"noopener noreferrer\"><strong>VER M\u00c1S: Eintracht frankfurt presume que Carlos Salcedo es cantante<\/strong><\/a><\/span><\/p>\n","protected":false},"excerpt":{"rendered":"<p>La empresa de Azc\u00e1rraga venci\u00f3 a la de Salinas Pliego en rating.<\/p>\n","protected":false},"author":20,"featured_media":486977,"comment_status":"closed","ping_status":"closed","sticky":false,"template":"","format":"standard","meta":[],"categories":[5419,3868,3839],"tags":[5460,1580],"_links":{"self":[{"href":"http:\/\/desarrollo.grupomedios.com\/futbol\/wp-json\/wp\/v2\/posts\/486974"}],"collection":[{"href":"http:\/\/desarrollo.grupomedios.com\/futbol\/wp-json\/wp\/v2\/posts"}],"about":[{"href":"http:\/\/desarrollo.grupomedios.com\/futbol\/wp-json\/wp\/v2\/types\/post"}],"author":[{"embeddable":true,"href":"http:\/\/desarrollo.grupomedios.com\/futbol\/wp-json\/wp\/v2\/users\/20"}],"replies":[{"embeddable":true,"href":"http:\/\/desarrollo.grupomedios.com\/futbol\/wp-json\/wp\/v2\/comments?post=486974"}],"version-history":[{"count":2,"href":"http:\/\/desarrollo.grupomedios.com\/futbol\/wp-json\/wp\/v2\/posts\/486974\/revisions"}],"predecessor-version":[{"id":486979,"href":"http:\/\/desarrollo.grupomedios.com\/futbol\/wp-json\/wp\/v2\/posts\/486974\/revisions\/486979"}],"wp:featuredmedia":[{"embeddable":true,"href":"http:\/\/desarrollo.grupomedios.com\/futbol\/wp-json\/wp\/v2\/media\/486977"}],"wp:attachment":[{"href":"http:\/\/desarrollo.grupomedios.com\/futbol\/wp-json\/wp\/v2\/media?parent=486974"}],"wp:term":[{"taxonomy":"category","embeddable":true,"href":"http:\/\/desarrollo.grupomedios.com\/futbol\/wp-json\/wp\/v2\/categories?post=486974"},{"taxonomy":"post_tag","embeddable":true,"href":"http:\/\/desarrollo.grupomedios.com\/futbol\/wp-json\/wp\/v2\/tags?post=486974"}],"curies":[{"name":"wp","href":"https:\/\/api.w.org\/{rel}","templated":true}]}}