{"id":486981,"date":"2017-07-05T15:20:51","date_gmt":"2017-07-05T20:20:51","guid":{"rendered":"https:\/\/www.futboltotal.com.mx\/?p=486981"},"modified":"2017-07-05T18:15:25","modified_gmt":"2017-07-05T23:15:25","slug":"habra-nino-torres-queretaro-renueva-ano-atleti","status":"publish","type":"post","link":"http:\/\/desarrollo.grupomedios.com\/futbol\/destacado-home\/habra-nino-torres-queretaro-renueva-ano-atleti\/2017\/07","title":{"rendered":"No llegar\u00e1 el &#8216;Ni\u00f1o&#8217; Torres como fichaje del Quer\u00e9taro"},"content":{"rendered":"<p>El delantero espa\u00f1ol, <strong>Fernando &#8216;El Ni\u00f1o&#8217; Torres<\/strong>, renov\u00f3 su contrato con el <strong>Atl\u00e9tico de Madrid<\/strong> por un a\u00f1o m\u00e1s, hecho que dej\u00f3 sin posibilidades a los <strong>Gallos Blancos<\/strong> del <strong>Quer\u00e9taro<\/strong> para hacerse con el atacante.<\/p>\n<p>En junio, <span style=\"color: #333399;\"><a style=\"color: #333399;\" href=\"https:\/\/www.futboltotal.com.mx\/2017\/06\/joaquin-beltran-confirma-platicas-nino-torres\/\" target=\"_blank\" rel=\"noopener noreferrer\"><strong>Joaqu\u00edn Beltran<\/strong>, hab\u00eda confirmado el inter\u00e9s de <strong>Quer\u00e9taro<\/strong> por <strong>Torres<\/strong>,<\/a><\/span> sin embargo este mi\u00e9rcoles, el <strong>Atl\u00e9tico de Madrid<\/strong> anunci\u00f3 que el ariete espa\u00f1ol seguir\u00e1 por un a\u00f1o m\u00e1s como colchonero.<\/p>\n<p style=\"text-align: center;\"><span style=\"color: #333399;\"><a style=\"color: #333399;\" href=\"https:\/\/www.futboltotal.com.mx\/2017\/07\/guardado-regresa-a-espana-betis-psv-cierran-acuerdo-traspaso\/\" target=\"_blank\" rel=\"noopener noreferrer\">VER M\u00c1S: Andr\u00e9s Guardado ser\u00e1 jugador del Betis<\/a><\/span><\/p>\n<p>Con esta ampliaci\u00f3n, <strong>Fernando Torres<\/strong> se vestir\u00e1 del <strong>Atl\u00e9tico de Madrid<\/strong> hasta el 30 de junio de 2018, indic\u00f3 el club en su p\u00e1gina web.<\/p>\n<blockquote><p>\u201cEstoy muy feliz por seguir un a\u00f1o m\u00e1s juntos\u201d, estableci\u00f3 <strong>Torres<\/strong> a trav\u00e9s de la p\u00e1gina web del <strong>Atl\u00e9tico de Madrid<\/strong>.<\/p>\n<blockquote class=\"twitter-tweet\" data-lang=\"es\">\n<p dir=\"ltr\" lang=\"es\">Ma\u00f1ana arranca el equipo y tendremos el honor de contar con <a href=\"https:\/\/twitter.com\/Torres\">@Torres<\/a> \u00a1F9T ha ampliado su contrato! <a href=\"https:\/\/twitter.com\/hashtag\/TorresRojiblanco?src=hash\">#TorresRojiblanco<\/a><a href=\"https:\/\/t.co\/9nBnimKhqp\">https:\/\/t.co\/9nBnimKhqp<\/a><a href=\"https:\/\/t.co\/Z6VqlyfiKW\">pic.twitter.com\/Z6VqlyfiKW<\/a><\/p>\n<p>\u2014 Atl\u00e9tico de Madrid (@Atleti) <a href=\"https:\/\/twitter.com\/Atleti\/status\/882686808378802176\">5 de julio de 2017<\/a><\/p><\/blockquote>\n<p><script async src=\"\/\/platform.twitter.com\/widgets.js\" charset=\"utf-8\"><\/script><\/p><\/blockquote>\n<p style=\"text-align: center;\"><span style=\"color: #333399;\"><a style=\"color: #333399;\" href=\"https:\/\/www.futboltotal.com.mx\/2017\/07\/10-futbolistas-podrian-las-sorpresas-en-la-copa-oro-2017\/\" target=\"_blank\" rel=\"noopener noreferrer\">VER M\u00c1S: 10 futbolistas que podr\u00edan dar la sorpresa en Copa Oro<\/a><\/span><\/p>\n<p>&nbsp;<\/p>\n","protected":false},"excerpt":{"rendered":"<p>El delantero espa\u00f1ol ser\u00e1 colchonero hasta el 30 de junio del 2018; los Gallos Blancos no pudieron ficharlo<\/p>\n","protected":false},"author":20,"featured_media":481831,"comment_status":"closed","ping_status":"closed","sticky":false,"template":"","format":"standard","meta":[],"categories":[5,7740,3839,2198,3845],"tags":[6007,6017,590,5970],"_links":{"self":[{"href":"http:\/\/desarrollo.grupomedios.com\/futbol\/wp-json\/wp\/v2\/posts\/486981"}],"collection":[{"href":"http:\/\/desarrollo.grupomedios.com\/futbol\/wp-json\/wp\/v2\/posts"}],"about":[{"href":"http:\/\/desarrollo.grupomedios.com\/futbol\/wp-json\/wp\/v2\/types\/post"}],"author":[{"embeddable":true,"href":"http:\/\/desarrollo.grupomedios.com\/futbol\/wp-json\/wp\/v2\/users\/20"}],"replies":[{"embeddable":true,"href":"http:\/\/desarrollo.grupomedios.com\/futbol\/wp-json\/wp\/v2\/comments?post=486981"}],"version-history":[{"count":2,"href":"http:\/\/desarrollo.grupomedios.com\/futbol\/wp-json\/wp\/v2\/posts\/486981\/revisions"}],"predecessor-version":[{"id":487016,"href":"http:\/\/desarrollo.grupomedios.com\/futbol\/wp-json\/wp\/v2\/posts\/486981\/revisions\/487016"}],"wp:featuredmedia":[{"embeddable":true,"href":"http:\/\/desarrollo.grupomedios.com\/futbol\/wp-json\/wp\/v2\/media\/481831"}],"wp:attachment":[{"href":"http:\/\/desarrollo.grupomedios.com\/futbol\/wp-json\/wp\/v2\/media?parent=486981"}],"wp:term":[{"taxonomy":"category","embeddable":true,"href":"http:\/\/desarrollo.grupomedios.com\/futbol\/wp-json\/wp\/v2\/categories?post=486981"},{"taxonomy":"post_tag","embeddable":true,"href":"http:\/\/desarrollo.grupomedios.com\/futbol\/wp-json\/wp\/v2\/tags?post=486981"}],"curies":[{"name":"wp","href":"https:\/\/api.w.org\/{rel}","templated":true}]}}